{"id":4555,"date":"2020-07-30T17:03:48","date_gmt":"2020-07-30T22:03:48","guid":{"rendered":"https:\/\/encuentroinformativo.com\/?p=4555"},"modified":"2020-07-30T17:03:51","modified_gmt":"2020-07-30T22:03:51","slug":"discriminacion-la-otra-cara-del-covid-diputado","status":"publish","type":"post","link":"https:\/\/encuentroinformativo.com.mx\/?p=4555","title":{"rendered":"Discriminaci\u00f3n, la otra cara del Covid: Diputado"},"content":{"rendered":"\n<figure class=\"wp-block-embed-youtube wp-block-embed is-type-video is-provider-youtube wp-embed-aspect-16-9 wp-has-aspect-ratio\"><div class=\"wp-block-embed__wrapper\">\n<div class=\"jetpack-video-wrapper\"><iframe loading=\"lazy\" title=\"Discriminaci\u00f3n forma parte del Covid-19: Diputado\" width=\"640\" height=\"360\" src=\"https:\/\/www.youtube.com\/embed\/p5SJr0dqQkQ?feature=oembed\" frameborder=\"0\" allow=\"accelerometer; autoplay; clipboard-write; encrypted-media; gyroscope; picture-in-picture; web-share\" referrerpolicy=\"strict-origin-when-cross-origin\" allowfullscreen><\/iframe><\/div>\n<\/div><\/figure>\n\n\n\n<p><strong>Elisa Aburto\u00a0<\/strong><\/p>\n\n\n\n<p>Xalapa, Ver.- Tras haber vivido hace algunas semanas ser positivo a Covid-19, el diputado local Carlos Jim\u00e9nez D\u00edaz \u201cEl Potrillo\u201d, reconoci\u00f3 que la discriminaci\u00f3n es uno de los problemas al que se enfrentan quienes son diagnosticados con este padecimiento.&nbsp;<\/p>\n\n\n\n<p>En entrevista el legislador por el distrito de Misantla, afirm\u00f3 que \u00e9l recibi\u00f3 el alta m\u00e9dica hace pr\u00e1cticamente dos semanas, motivo por el cual se ha reincorporado a las&nbsp; actividades propias de su encargo.&nbsp;<\/p>\n\n\n\n<p>Al respecto detall\u00f3: \u201cEstamos dados de alta, estamos al cien, afortunadamente no tengo ninguna sintomatolog\u00eda. Estuve recluido en mi domicilio, con el tratamiento adecuado que mi m\u00e9dico me prescribi\u00f3\u201d.<\/p>\n\n\n\n<p><strong>\u00bfC\u00f3mo fue su proceso, recibi\u00f3 alguna atenci\u00f3n especial?<\/strong><\/p>\n\n\n\n<p>-Es un tema de discriminaci\u00f3n bastante fuerte, seguramente por la misma falta de informaci\u00f3n, desconocimiento de lo que realmente sucede. Es incre\u00edble como hoy paciente que se enferma de este padecimiento nos a\u00edslan, nos satanizan, y eso creo que esta dificultando mucho la atenci\u00f3n y tratamiento de las personas.&nbsp;<\/p>\n\n\n\n<p>Y es que Jim\u00e9nez D\u00edaz cit\u00f3 como ejemplo que tras buscar realizarse la toma de placas de pulmones por indicaci\u00f3n m\u00e9dica, los centros hospitalarios se negaban a realizar el estudio bajo el argumento de no tenerlo disponible.&nbsp;<\/p>\n\n\n\n<p>\u201cEstuve recorriendo varios lugares incluyendo la Cruz Roja y no me quisieron dar atenci\u00f3n, aqu\u00ed no importa si eres funcionario p\u00fablico si tienes o no los medios para poder pagar alg\u00fan servicio p\u00fablico. Yo creo que la falta de conocimiento est\u00e1 haciendo much\u00edsimo da\u00f1o a la poblaci\u00f3n\u201d.<\/p>\n\n\n\n<p>Finalmente el diputado Carlos Jim\u00e9nez reiter\u00f3 el exhorto a la poblaci\u00f3n en general para mantener las medidas de prevenci\u00f3n necesarias como el uso de cubrebocas, uso de gel, adem\u00e1s de mantener la sana distancia; pero sobre todo a no promover actos discriminatorios hacia los pacientes del padecimiento o sus familiares.&nbsp;<\/p>\n","protected":false},"excerpt":{"rendered":"<p>Elisa Aburto\u00a0 Xalapa, Ver.- Tras haber vivido hace algunas semanas ser positivo a Covid-19, el diputado local Carlos Jim\u00e9nez D\u00edaz \u201cEl Potrillo\u201d, reconoci\u00f3 que la discriminaci\u00f3n es uno de los problemas al que se enfrentan quienes son diagnosticados con este padecimiento.&nbsp; En entrevista el legislador por el distrito de Misantla, afirm\u00f3 que \u00e9l recibi\u00f3 el [&hellip;]<\/p>\n","protected":false},"author":1,"featured_media":4542,"comment_status":"open","ping_status":"open","sticky":false,"template":"","format":"standard","meta":{"_jetpack_memberships_contains_paid_content":false,"footnotes":""},"categories":[2],"tags":[],"class_list":["post-4555","post","type-post","status-publish","format-standard","has-post-thumbnail","hentry","category-estado"],"jetpack_featured_media_url":"https:\/\/encuentroinformativo.com.mx\/wp-content\/uploads\/2020\/07\/01B19189-7A2A-4EAC-9853-ACBD5EF3438E.jpeg","jetpack_sharing_enabled":true,"jetpack_likes_enabled":true,"amp_enabled":true,"_links":{"self":[{"href":"https:\/\/encuentroinformativo.com.mx\/index.php?rest_route=\/wp\/v2\/posts\/4555","targetHints":{"allow":["GET"]}}],"collection":[{"href":"https:\/\/encuentroinformativo.com.mx\/index.php?rest_route=\/wp\/v2\/posts"}],"about":[{"href":"https:\/\/encuentroinformativo.com.mx\/index.php?rest_route=\/wp\/v2\/types\/post"}],"author":[{"embeddable":true,"href":"https:\/\/encuentroinformativo.com.mx\/index.php?rest_route=\/wp\/v2\/users\/1"}],"replies":[{"embeddable":true,"href":"https:\/\/encuentroinformativo.com.mx\/index.php?rest_route=%2Fwp%2Fv2%2Fcomments&post=4555"}],"version-history":[{"count":1,"href":"https:\/\/encuentroinformativo.com.mx\/index.php?rest_route=\/wp\/v2\/posts\/4555\/revisions"}],"predecessor-version":[{"id":4556,"href":"https:\/\/encuentroinformativo.com.mx\/index.php?rest_route=\/wp\/v2\/posts\/4555\/revisions\/4556"}],"wp:featuredmedia":[{"embeddable":true,"href":"https:\/\/encuentroinformativo.com.mx\/index.php?rest_route=\/wp\/v2\/media\/4542"}],"wp:attachment":[{"href":"https:\/\/encuentroinformativo.com.mx\/index.php?rest_route=%2Fwp%2Fv2%2Fmedia&parent=4555"}],"wp:term":[{"taxonomy":"category","embeddable":true,"href":"https:\/\/encuentroinformativo.com.mx\/index.php?rest_route=%2Fwp%2Fv2%2Fcategories&post=4555"},{"taxonomy":"post_tag","embeddable":true,"href":"https:\/\/encuentroinformativo.com.mx\/index.php?rest_route=%2Fwp%2Fv2%2Ftags&post=4555"}],"curies":[{"name":"wp","href":"https:\/\/api.w.org\/{rel}","templated":true}]}}