{"id":45551,"date":"2023-09-22T11:49:31","date_gmt":"2023-09-22T17:49:31","guid":{"rendered":"https:\/\/encuentroinformativo.com.mx\/?p=45551"},"modified":"2023-09-22T11:49:35","modified_gmt":"2023-09-22T17:49:35","slug":"segob-ya-se-reunio-con-ex-trabajadores-de-sas","status":"publish","type":"post","link":"https:\/\/encuentroinformativo.com.mx\/?p=45551","title":{"rendered":"SEGOB ya se reuni\u00f3 con ex trabajadores de SAS"},"content":{"rendered":"\n<p><strong>Alejandro \u00c1vila<\/strong><\/p>\n\n\n\n<p>Veracruz, Ver.- Personal de la Secretar\u00eda de Gobernaci\u00f3n (SEGOB) Federal visit\u00f3 el puerto de Veracruz para reunirse con los ex trabajadores sindicalizados del SAS, por petici\u00f3n del presidente, Andr\u00e9s Manuel L\u00f3pez Obrador.<\/p>\n\n\n\n<p>Cabe recordar que, el presidente, Andr\u00e9s Manuel L\u00f3pez Obrador, tiene bajo la mira a la empresa Grupo MAS, pues en dos ocasiones en su conferencia La Ma\u00f1anera ha solicitado, primero, su investigaci\u00f3n, y segundo, la resoluci\u00f3n de los juicios laborales de los ex trabajadores sindicalizados.<\/p>\n\n\n\n<p>El pasado mi\u00e9rcoles se llev\u00f3 a cabo la segunda reuni\u00f3n en el puerto de Veracruz, siendo los interlocutores, el diputado local, Magdaleno Rosales Torres, la l\u00edder del sindical, Ang\u00e9lica Navarrete Mendoza; Eduardo \u00c1vila Valle director general de la Unidad de Gobierno; Rafael Santana Mendoza Morales, titular de la oficina en Veracruz; y Jos\u00e9 Armando Sosa Due\u00f1as, director del Centro Federal de Conciliaci\u00f3n y Registro Laboral de la STPS.<\/p>\n\n\n\n<p>Los funcionarios federales mencionaron que al momento no se pueden revelar los temas tratados en dichas reuniones, con la finalidad de no afectar el actuar de la Secretar\u00eda de Gobernaci\u00f3n Federal en los tr\u00e1mites con la empresa privada Grupo MAS.<\/p>\n\n\n\n<p>&#8220;Esta intervenci\u00f3n representando luz de esperanza para asientos de trabajadores despedidos, sin cubrirle indemnizaciones previstas en la ley, hoy est\u00e1n siendo escuchados nuestros compa\u00f1eros. Son dos meses que hicieron, la primera fue en Ciudad de M\u00e9xico hace aproximadamente 8 o 9 d\u00edas, esta otra fue el d\u00eda de ayer, y vienen otras mesas m\u00e1s de trabajo con otras dependencias que tienen que ver con esta problem\u00e1tica de estos compa\u00f1eros del sindicato, con el tema laboral y el pago de sus liquidaciones&#8221;, culmin\u00f3 el diputado de Morena, Magdaleno Rosales Torres.<\/p>\n","protected":false},"excerpt":{"rendered":"<p>Alejandro \u00c1vila Veracruz, Ver.- Personal de la Secretar\u00eda de Gobernaci\u00f3n (SEGOB) Federal visit\u00f3 el puerto de Veracruz para reunirse con los ex trabajadores sindicalizados del SAS, por petici\u00f3n del presidente, Andr\u00e9s Manuel L\u00f3pez Obrador. Cabe recordar que, el presidente, Andr\u00e9s Manuel L\u00f3pez Obrador, tiene bajo la mira a la empresa Grupo MAS, pues en dos [&hellip;]<\/p>\n","protected":false},"author":2476,"featured_media":45552,"comment_status":"open","ping_status":"open","sticky":false,"template":"","format":"standard","meta":{"_jetpack_memberships_contains_paid_content":false,"footnotes":""},"categories":[2],"tags":[],"class_list":["post-45551","post","type-post","status-publish","format-standard","has-post-thumbnail","hentry","category-estado"],"jetpack_featured_media_url":"https:\/\/encuentroinformativo.com.mx\/wp-content\/uploads\/2023\/09\/IMG-20230922-WA00232.jpg","jetpack_sharing_enabled":true,"jetpack_likes_enabled":true,"amp_enabled":true,"_links":{"self":[{"href":"https:\/\/encuentroinformativo.com.mx\/index.php?rest_route=\/wp\/v2\/posts\/45551","targetHints":{"allow":["GET"]}}],"collection":[{"href":"https:\/\/encuentroinformativo.com.mx\/index.php?rest_route=\/wp\/v2\/posts"}],"about":[{"href":"https:\/\/encuentroinformativo.com.mx\/index.php?rest_route=\/wp\/v2\/types\/post"}],"author":[{"embeddable":true,"href":"https:\/\/encuentroinformativo.com.mx\/index.php?rest_route=\/wp\/v2\/users\/2476"}],"replies":[{"embeddable":true,"href":"https:\/\/encuentroinformativo.com.mx\/index.php?rest_route=%2Fwp%2Fv2%2Fcomments&post=45551"}],"version-history":[{"count":1,"href":"https:\/\/encuentroinformativo.com.mx\/index.php?rest_route=\/wp\/v2\/posts\/45551\/revisions"}],"predecessor-version":[{"id":45553,"href":"https:\/\/encuentroinformativo.com.mx\/index.php?rest_route=\/wp\/v2\/posts\/45551\/revisions\/45553"}],"wp:featuredmedia":[{"embeddable":true,"href":"https:\/\/encuentroinformativo.com.mx\/index.php?rest_route=\/wp\/v2\/media\/45552"}],"wp:attachment":[{"href":"https:\/\/encuentroinformativo.com.mx\/index.php?rest_route=%2Fwp%2Fv2%2Fmedia&parent=45551"}],"wp:term":[{"taxonomy":"category","embeddable":true,"href":"https:\/\/encuentroinformativo.com.mx\/index.php?rest_route=%2Fwp%2Fv2%2Fcategories&post=45551"},{"taxonomy":"post_tag","embeddable":true,"href":"https:\/\/encuentroinformativo.com.mx\/index.php?rest_route=%2Fwp%2Fv2%2Ftags&post=45551"}],"curies":[{"name":"wp","href":"https:\/\/api.w.org\/{rel}","templated":true}]}}