{"id":45566,"date":"2023-09-22T13:20:51","date_gmt":"2023-09-22T19:20:51","guid":{"rendered":"https:\/\/encuentroinformativo.com.mx\/?p=45566"},"modified":"2023-09-22T13:20:55","modified_gmt":"2023-09-22T19:20:55","slug":"fiscalia-debera-determinar-situacion-de-caballos-maltratados-pma","status":"publish","type":"post","link":"https:\/\/encuentroinformativo.com.mx\/?p=45566","title":{"rendered":"Fiscal\u00eda deber\u00e1 determinar situaci\u00f3n de caballos maltratados: PMA"},"content":{"rendered":"\n<p><strong>Dar\u00edo Pale <\/strong><\/p>\n\n\n\n<p>Xalapa, Ver.- El Procurador del Medio Ambiente (PMA), dio a conocer que ser\u00e1 la Fiscal\u00eda General del Estado (FGE) la que determinar\u00e1 la situaci\u00f3n de 16 caballos maltratados en el h\u00edpico, as\u00ed lo dio a conocer el titular de dicha dependencia Sergio Rodr\u00edguez Cort\u00e9s.<\/p>\n\n\n\n<p>Entrevistado posterior a la guardia de honor en el parque de los Berros coment\u00f3 que, ser\u00e1 la Fiscal\u00eda General del Estado, a trav\u00e9s de su Fiscal\u00eda Especializada en Delitos Ambientales y Contra los Animales (FEYDACA) la que determine la situaci\u00f3n de los 16 caballos que estaban siendo maltratados en el h\u00edpico Equestrian Move, en el municipio de Emiliano Zapata.<\/p>\n\n\n\n<p>Record\u00f3 que por ley, la facultad recae en el organismo aut\u00f3nomo, &#8220;yo platiqu\u00e9 y lo pueden ver en las redes de la influencer (Elena Larrea), le dije que no nos iba a temblar la mano si ten\u00edamos que actuar&#8221;.<\/p>\n\n\n\n<p>&#8220;Sin embargo, recordemos que no es la Procuradur\u00eda la responsable de estos temas, hay una ley, que es la de Protecci\u00f3n a los Animales y la responsable es la Fiscal\u00eda Especializada&#8221;, se\u00f1al\u00f3.<\/p>\n\n\n\n<p>Mencion\u00f3 que ellos entraron a resguardar a los animales por el maltrato del que estaban siendo objeto y como autoridad se los quitaron y los enviaron a un lugar m\u00e1s digno.<\/p>\n\n\n\n<p>En ese sentido, ya cuentan con un dictamen t\u00e9cnico y un expediente que se turn\u00f3 a la FEYDACA, por lo que ser\u00e1 dicha instancia la que determine el destino de los animales.<\/p>\n\n\n\n<p>Aclar\u00f3 que si alguien acredita la legal procedencia de los equinos se les deber\u00e1n entregar, en ese sentido, adelant\u00f3 que al menos una persona es la que ya solicit\u00f3 la devoluci\u00f3n de uno de los animales.<\/p>\n\n\n\n<p>En otro orden de ideas afirm\u00f3 que hay 300 millones de pesos ahorrados producto de los ingresos del Aquarium de Veracruz, que se usar\u00e1n en distintas obras que se ejecutar\u00edan de diciembre a marzo del pr\u00f3ximo a\u00f1o.<\/p>\n\n\n\n<p>Puntualiz\u00f3 que la remodelaci\u00f3n lleva un avance del 20 o 25 por ciento, pero tambi\u00e9n anunci\u00f3 dos nuevos proyectos, en uno se albergar\u00e1n lobos marinos, as\u00ed como la introducci\u00f3n de nuevas especies y espacios para ni\u00f1os.<\/p>\n\n\n\n<p>Anunci\u00f3 que colocar\u00e1n tres macropantallas gigantes, una en la pecera principal, otra en el acceso y una m\u00e1s en el sendero de Los Tuxtlas.<\/p>\n\n\n\n<p>De manera adicional habr\u00e1 70 pantallas m\u00e1s peque\u00f1as, as\u00ed como tecnolog\u00eda de vanguardia en cada una de las exhibiciones, entre otros.<\/p>\n\n\n\n<p>El funcionario detall\u00f3 que en las mejoras para el Aquarium han invertido cerca de 33 millones de pesos.<\/p>\n\n\n\n<p>Defini\u00f3 que el aforo no crecer\u00e1, las instalaciones que mejorar\u00e1n est\u00e1n dise\u00f1adas para un recorrido de aproximadamente 50 a 70 personas cada media hora.<\/p>\n\n\n\n<p>Estim\u00f3 que al mes de septiembre cerraron con cerca de 840 mil visitantes, pero estar\u00edan rompiendo r\u00e9cord y despu\u00e9s de muchos a\u00f1os podr\u00edan tener un acuario con visitas de m\u00e1s de un mill\u00f3n de visitantes, lo que ser\u00e1 &#8220;una s\u00faper noticia&#8221;.<\/p>\n","protected":false},"excerpt":{"rendered":"<p>Dar\u00edo Pale Xalapa, Ver.- El Procurador del Medio Ambiente (PMA), dio a conocer que ser\u00e1 la Fiscal\u00eda General del Estado (FGE) la que determinar\u00e1 la situaci\u00f3n de 16 caballos maltratados en el h\u00edpico, as\u00ed lo dio a conocer el titular de dicha dependencia Sergio Rodr\u00edguez Cort\u00e9s. Entrevistado posterior a la guardia de honor en el [&hellip;]<\/p>\n","protected":false},"author":2476,"featured_media":45567,"comment_status":"open","ping_status":"open","sticky":false,"template":"","format":"standard","meta":{"_jetpack_memberships_contains_paid_content":false,"footnotes":""},"categories":[2],"tags":[],"class_list":["post-45566","post","type-post","status-publish","format-standard","has-post-thumbnail","hentry","category-estado"],"jetpack_featured_media_url":"https:\/\/encuentroinformativo.com.mx\/wp-content\/uploads\/2023\/09\/IMG-20230922-WA00472.jpg","jetpack_sharing_enabled":true,"jetpack_likes_enabled":true,"amp_enabled":true,"_links":{"self":[{"href":"https:\/\/encuentroinformativo.com.mx\/index.php?rest_route=\/wp\/v2\/posts\/45566","targetHints":{"allow":["GET"]}}],"collection":[{"href":"https:\/\/encuentroinformativo.com.mx\/index.php?rest_route=\/wp\/v2\/posts"}],"about":[{"href":"https:\/\/encuentroinformativo.com.mx\/index.php?rest_route=\/wp\/v2\/types\/post"}],"author":[{"embeddable":true,"href":"https:\/\/encuentroinformativo.com.mx\/index.php?rest_route=\/wp\/v2\/users\/2476"}],"replies":[{"embeddable":true,"href":"https:\/\/encuentroinformativo.com.mx\/index.php?rest_route=%2Fwp%2Fv2%2Fcomments&post=45566"}],"version-history":[{"count":1,"href":"https:\/\/encuentroinformativo.com.mx\/index.php?rest_route=\/wp\/v2\/posts\/45566\/revisions"}],"predecessor-version":[{"id":45568,"href":"https:\/\/encuentroinformativo.com.mx\/index.php?rest_route=\/wp\/v2\/posts\/45566\/revisions\/45568"}],"wp:featuredmedia":[{"embeddable":true,"href":"https:\/\/encuentroinformativo.com.mx\/index.php?rest_route=\/wp\/v2\/media\/45567"}],"wp:attachment":[{"href":"https:\/\/encuentroinformativo.com.mx\/index.php?rest_route=%2Fwp%2Fv2%2Fmedia&parent=45566"}],"wp:term":[{"taxonomy":"category","embeddable":true,"href":"https:\/\/encuentroinformativo.com.mx\/index.php?rest_route=%2Fwp%2Fv2%2Fcategories&post=45566"},{"taxonomy":"post_tag","embeddable":true,"href":"https:\/\/encuentroinformativo.com.mx\/index.php?rest_route=%2Fwp%2Fv2%2Ftags&post=45566"}],"curies":[{"name":"wp","href":"https:\/\/api.w.org\/{rel}","templated":true}]}}