{"id":4557,"date":"2020-07-30T18:05:50","date_gmt":"2020-07-30T23:05:50","guid":{"rendered":"https:\/\/encuentroinformativo.com\/?p=4557"},"modified":"2020-07-30T18:05:52","modified_gmt":"2020-07-30T23:05:52","slug":"aprobo-congreso-nombramiento-de-nuevos-magistrados","status":"publish","type":"post","link":"https:\/\/encuentroinformativo.com.mx\/?p=4557","title":{"rendered":"Aprob\u00f3 Congreso nombramiento de nuevos magistrados"},"content":{"rendered":"\n<p><strong>Juan Arcos <\/strong><\/p>\n\n\n\n<p>Xalapa, Ver.- El Congreso local aprob\u00f3 la propuesta del gobernador Cuitl\u00e1huac Garc\u00eda Jim\u00e9nez para la designaci\u00f3n de seis nuevos magistrados en el Poder Judicial de Veracruz.<\/p>\n\n\n\n<p>Con 39 votos a favor y cuatro en contra, las diputadas y diputados avalaron que rindieran protesta Alma Rosa Flores Ceballos, Lizbeth Aurelia Jim\u00e9nez Aguirre, Itzel Castro Castillo, Mar\u00eda Lilia Viveros Ram\u00edrez, Aileth Garc\u00eda Cayetano y Antonio Sobrevilla Castillo, por un periodo de diez a\u00f1os.<\/p>\n\n\n\n<p>Aileth Garc\u00eda sustituir\u00e1 al expresidente del Tribunal Superior de Justicia, Edel \u00c1lvarez Pe\u00f1a; Itzel Castro al expresidente del Tribunal de Conciliaci\u00f3n y Arbitraje, Fernando Charleston Salinas; Alma Rosa Flores a la exmagistrada Gladys de Lourdes P\u00e9rez Maldonado; Mar\u00eda Lilia Viveros al exmagistrado Marco Antonio Lezama Moo; Lizbeth Aurelia Jim\u00e9nez al exmagistrado Roberto Dorantes Romero; y Antonio Sobrevilla Castillo reemplazar\u00e1 a V\u00edctor Manuel C\u00e9sar Rinc\u00f3n.<\/p>\n\n\n\n<p>El nombramiento fue criticado por el dirigente estatal del Partido Acci\u00f3n Nacional (PAN), Joaqu\u00edn Guzm\u00e1n Avil\u00e9s, quien hab\u00eda solicitado a las legisladoras y legisladores de su partido que votaran en contra de la propuesta.<\/p>\n\n\n\n<p>Sin embargo, votaron a favor los panistas Sergio Hern\u00e1ndez, Mar\u00eda Graciela Hern\u00e1ndez \u00cd\u00f1iguez, Juan Manuel de Un\u00e1nue Abascal, Mar\u00eda Josefina Gamboa Torales, Mar\u00eda de Jes\u00fas Mart\u00ednez D\u00edaz, Montserrat Ortega Ruiz, y Ricardo Serna Baraja.\u00a0<br>S\u00f3lo Nora Lagunes, Omar Miranda Romero, Enrique Cambranis Torres y Bingen Rementer\u00eda Molina votaron en contra.<\/p>\n\n\n\n<p>Cambranis Torres pas\u00f3 a tribuna y denunci\u00f3 \u201cnepotismo\u201d en la designaci\u00f3n de magistrados, pues Garc\u00eda Cayetano hab\u00eda buscado asumir la titularidad de la Fiscal\u00eda Anticorrupci\u00f3n en Veracruz y su reci\u00e9n nombramiento pareciera un \u201cpremio de consolaci\u00f3n\u201d.<\/p>\n\n\n\n<p>Cabe recordar que Gladys P\u00e9rez Maldonado y Antonio Lezama Moo ganaron una suspensi\u00f3n provisional por un amparo que tramitaron ante un juzgado federal.<\/p>\n\n\n\n<p>Al respecto, el Legislador panista opin\u00f3 que dos de los nombramientos podr\u00edan estar \u201cviciados de origen\u201d por los amparos que fueron tramitados por dos de los magistrados salientes para ser ratificados en el cargo por otros cinco a\u00f1os o para evitar el retiro forzoso.<\/p>\n","protected":false},"excerpt":{"rendered":"<p>Juan Arcos Xalapa, Ver.- El Congreso local aprob\u00f3 la propuesta del gobernador Cuitl\u00e1huac Garc\u00eda Jim\u00e9nez para la designaci\u00f3n de seis nuevos magistrados en el Poder Judicial de Veracruz. Con 39 votos a favor y cuatro en contra, las diputadas y diputados avalaron que rindieran protesta Alma Rosa Flores Ceballos, Lizbeth Aurelia Jim\u00e9nez Aguirre, Itzel Castro [&hellip;]<\/p>\n","protected":false},"author":1,"featured_media":4558,"comment_status":"open","ping_status":"open","sticky":false,"template":"","format":"standard","meta":{"_jetpack_memberships_contains_paid_content":false,"footnotes":""},"categories":[2],"tags":[],"class_list":["post-4557","post","type-post","status-publish","format-standard","has-post-thumbnail","hentry","category-estado"],"jetpack_featured_media_url":"https:\/\/encuentroinformativo.com.mx\/wp-content\/uploads\/2020\/07\/B61E0BBC-B3C2-4BBA-8320-D1C967F6E83B.jpeg","jetpack_sharing_enabled":true,"jetpack_likes_enabled":true,"amp_enabled":true,"_links":{"self":[{"href":"https:\/\/encuentroinformativo.com.mx\/index.php?rest_route=\/wp\/v2\/posts\/4557","targetHints":{"allow":["GET"]}}],"collection":[{"href":"https:\/\/encuentroinformativo.com.mx\/index.php?rest_route=\/wp\/v2\/posts"}],"about":[{"href":"https:\/\/encuentroinformativo.com.mx\/index.php?rest_route=\/wp\/v2\/types\/post"}],"author":[{"embeddable":true,"href":"https:\/\/encuentroinformativo.com.mx\/index.php?rest_route=\/wp\/v2\/users\/1"}],"replies":[{"embeddable":true,"href":"https:\/\/encuentroinformativo.com.mx\/index.php?rest_route=%2Fwp%2Fv2%2Fcomments&post=4557"}],"version-history":[{"count":1,"href":"https:\/\/encuentroinformativo.com.mx\/index.php?rest_route=\/wp\/v2\/posts\/4557\/revisions"}],"predecessor-version":[{"id":4559,"href":"https:\/\/encuentroinformativo.com.mx\/index.php?rest_route=\/wp\/v2\/posts\/4557\/revisions\/4559"}],"wp:featuredmedia":[{"embeddable":true,"href":"https:\/\/encuentroinformativo.com.mx\/index.php?rest_route=\/wp\/v2\/media\/4558"}],"wp:attachment":[{"href":"https:\/\/encuentroinformativo.com.mx\/index.php?rest_route=%2Fwp%2Fv2%2Fmedia&parent=4557"}],"wp:term":[{"taxonomy":"category","embeddable":true,"href":"https:\/\/encuentroinformativo.com.mx\/index.php?rest_route=%2Fwp%2Fv2%2Fcategories&post=4557"},{"taxonomy":"post_tag","embeddable":true,"href":"https:\/\/encuentroinformativo.com.mx\/index.php?rest_route=%2Fwp%2Fv2%2Ftags&post=4557"}],"curies":[{"name":"wp","href":"https:\/\/api.w.org\/{rel}","templated":true}]}}