{"id":45572,"date":"2023-09-22T13:31:30","date_gmt":"2023-09-22T19:31:30","guid":{"rendered":"https:\/\/encuentroinformativo.com.mx\/?p=45572"},"modified":"2023-09-22T13:31:32","modified_gmt":"2023-09-22T19:31:32","slug":"rumbo-al-2024-conforman-consejo-civico-ciudadano-de-veracruz","status":"publish","type":"post","link":"https:\/\/encuentroinformativo.com.mx\/?p=45572","title":{"rendered":"Rumbo al 2024, conforman Consejo C\u00edvico Ciudadano de Veracruz"},"content":{"rendered":"\n<p><strong>Eirinet G\u00f3mez<\/strong><\/p>\n\n\n\n<p>Xalapa, Ver.- Un centenar de organismos civiles y ciudadanas y ciudadanos libres conformaron el Consejo C\u00edvico Ciudadano de Veracruz (CCC Veracruz) frente a un momento cr\u00edtico que vive Veracruz, en donde predominan \u201clas manifestaciones diarias de inseguridad, el abandono en salud, los atrasos educativos, los problemas econ\u00f3micos, el olvido y la corrupci\u00f3n en obras y servicios.<\/p>\n\n\n\n<p>A trav\u00e9s de una carta abierta, suscrita por organizaciones como Misi\u00f3n Rescate M\u00e9xico, Frente Nacional por la Familia, Frente C\u00edvico Nacional, Nahualapan Asociaci\u00f3n Civil, Consejo Indigena del Estado de Veracruz, se\u00f1alaron que frente a la grave situaci\u00f3n por la que atraviesa Veracruz, ha prevalecido \u201cel desd\u00e9n institucional frente a los problemas, el ejercicio autoritario y soberbio, con afanes persecutorios de todos aquellos que piensan u opinen distinto\u201d.<\/p>\n\n\n\n<p>En la misiva hecha p\u00fablica, se\u00f1alaron que el objetivo fundamental del CCC Veracruz es la construcci\u00f3n del Frente amplio por Veracruz, que integre a toda la oposici\u00f3n pol\u00edtica estatal para elegir la mejor candidatura a la gubernatura del Estado, as\u00ed como el de proponer un m\u00e9todo de selecci\u00f3n que implique la presencia de propuestas que provengan de los partidos y de la sociedad con reglas claras y seguimiento ciudadano.<\/p>\n\n\n\n<p>\u201cSer\u00eda un error hist\u00f3rico que cualquier partido de la oposici\u00f3n piense que puede ganar la elecci\u00f3n del pr\u00f3ximo a\u00f1o en solitario. Nadie puede ganar por separado, por ello no valorarlo y actuar de espalda a las necesidades y a los intereses de la sociedad, ser\u00eda una afrenta de altos costos pol\u00edticos\u201d, se\u00f1alaron.<\/p>\n\n\n\n<p>El Consejo C\u00edvico Ciudadano de Veracruz (CCC Veracruz) tambi\u00e9n consider\u00f3 que ser\u00eda un error que el Frente decidiera la designaci\u00f3n del candidato de oposici\u00f3n por acuerdos cupulares, obedeciendo \u00fanicamente a razones de cuotas de poder partidistas.<\/p>\n\n\n\n<p>&#8220;Tenemos claro que es necesario convencer con mucho entusiasmo a familiares, amigos, vecinos y compa\u00f1eros de trabajo, que las circunstancias implican responsabilidades y luchas mayores, que es posible cambiar nuestra tr\u00e1gica realidad actual sumando fuerzas y valores democr\u00e1ticos; asumiendo nuestra pluralidad y comprometi\u00e9ndonos con la tolerancia necesaria en las acciones concretas\u201d.<\/p>\n\n\n\n<p>El CCC Veracruz pidi\u00f3 que los partidos reconozcan las voces ciudadanas veracruzanas y se convoque a establecer un proceso de definiciones de cara a ellas y que todos est\u00e9n a la altura de las exigencias que marcan el camino que deben seguir para construir el Frente Amplio por Veracruz.<\/p>\n\n\n\n<p>Advirtieron que frente a una elecci\u00f3n de Estado, para dar continuidad a un modelo fracasado, \u201cla ciudadan\u00eda tiene que sumar todos los esfuerzos de los partidos pol\u00edticos de oposici\u00f3n y de la sociedad civil organizada\u201d.<\/p>\n\n\n\n<figure class=\"wp-block-image size-large\"><img loading=\"lazy\" decoding=\"async\" width=\"724\" height=\"1024\" src=\"https:\/\/encuentroinformativo.com.mx\/wp-content\/uploads\/2023\/09\/IMG-20230922-WA0040-724x1024.jpg\" alt=\"\" class=\"wp-image-45573\" srcset=\"https:\/\/encuentroinformativo.com.mx\/wp-content\/uploads\/2023\/09\/IMG-20230922-WA0040-724x1024.jpg 724w, https:\/\/encuentroinformativo.com.mx\/wp-content\/uploads\/2023\/09\/IMG-20230922-WA0040-212x300.jpg 212w, https:\/\/encuentroinformativo.com.mx\/wp-content\/uploads\/2023\/09\/IMG-20230922-WA0040.jpg 740w\" sizes=\"auto, (max-width: 724px) 100vw, 724px\" \/><\/figure>\n","protected":false},"excerpt":{"rendered":"<p>Eirinet G\u00f3mez Xalapa, Ver.- Un centenar de organismos civiles y ciudadanas y ciudadanos libres conformaron el Consejo C\u00edvico Ciudadano de Veracruz (CCC Veracruz) frente a un momento cr\u00edtico que vive Veracruz, en donde predominan \u201clas manifestaciones diarias de inseguridad, el abandono en salud, los atrasos educativos, los problemas econ\u00f3micos, el olvido y la corrupci\u00f3n en [&hellip;]<\/p>\n","protected":false},"author":2476,"featured_media":45573,"comment_status":"open","ping_status":"open","sticky":false,"template":"","format":"standard","meta":{"_jetpack_memberships_contains_paid_content":false,"footnotes":""},"categories":[2],"tags":[],"class_list":["post-45572","post","type-post","status-publish","format-standard","has-post-thumbnail","hentry","category-estado"],"jetpack_featured_media_url":"https:\/\/encuentroinformativo.com.mx\/wp-content\/uploads\/2023\/09\/IMG-20230922-WA0040.jpg","jetpack_sharing_enabled":true,"jetpack_likes_enabled":true,"amp_enabled":true,"_links":{"self":[{"href":"https:\/\/encuentroinformativo.com.mx\/index.php?rest_route=\/wp\/v2\/posts\/45572","targetHints":{"allow":["GET"]}}],"collection":[{"href":"https:\/\/encuentroinformativo.com.mx\/index.php?rest_route=\/wp\/v2\/posts"}],"about":[{"href":"https:\/\/encuentroinformativo.com.mx\/index.php?rest_route=\/wp\/v2\/types\/post"}],"author":[{"embeddable":true,"href":"https:\/\/encuentroinformativo.com.mx\/index.php?rest_route=\/wp\/v2\/users\/2476"}],"replies":[{"embeddable":true,"href":"https:\/\/encuentroinformativo.com.mx\/index.php?rest_route=%2Fwp%2Fv2%2Fcomments&post=45572"}],"version-history":[{"count":1,"href":"https:\/\/encuentroinformativo.com.mx\/index.php?rest_route=\/wp\/v2\/posts\/45572\/revisions"}],"predecessor-version":[{"id":45574,"href":"https:\/\/encuentroinformativo.com.mx\/index.php?rest_route=\/wp\/v2\/posts\/45572\/revisions\/45574"}],"wp:featuredmedia":[{"embeddable":true,"href":"https:\/\/encuentroinformativo.com.mx\/index.php?rest_route=\/wp\/v2\/media\/45573"}],"wp:attachment":[{"href":"https:\/\/encuentroinformativo.com.mx\/index.php?rest_route=%2Fwp%2Fv2%2Fmedia&parent=45572"}],"wp:term":[{"taxonomy":"category","embeddable":true,"href":"https:\/\/encuentroinformativo.com.mx\/index.php?rest_route=%2Fwp%2Fv2%2Fcategories&post=45572"},{"taxonomy":"post_tag","embeddable":true,"href":"https:\/\/encuentroinformativo.com.mx\/index.php?rest_route=%2Fwp%2Fv2%2Ftags&post=45572"}],"curies":[{"name":"wp","href":"https:\/\/api.w.org\/{rel}","templated":true}]}}