{"id":45575,"date":"2023-09-22T15:45:16","date_gmt":"2023-09-22T21:45:16","guid":{"rendered":"https:\/\/encuentroinformativo.com.mx\/?p=45575"},"modified":"2023-09-22T15:45:21","modified_gmt":"2023-09-22T21:45:21","slug":"agrupacion-betito-meza-apoyara-a-ninos-con-cancer","status":"publish","type":"post","link":"https:\/\/encuentroinformativo.com.mx\/?p=45575","title":{"rendered":"Agrupaci\u00f3n Betito Meza apoyar\u00e1 a ni\u00f1os con c\u00e1ncer"},"content":{"rendered":"\n<p><strong>Dar\u00edo Pale<\/strong><\/p>\n\n\n\n<p>Xalapa, Ver.- La agrupaci\u00f3n &#8220;BetitoMezaNoSeRinde\u201d en Xalapa lanzar\u00e1 una campa\u00f1a de concientizaci\u00f3n y apoyo para ni\u00f1os y ni\u00f1as con c\u00e1ncer en la entidad veracruzana, as\u00ed lo dio a conocer la se\u00f1ora Dulce Mar\u00eda G\u00f3mez, madre de Betito Meza.<\/p>\n\n\n\n<p>En conferencia de prensa la agrupaci\u00f3n &#8220;BetitoMezaNoseRinde&#8221; anunci\u00f3 apoyos para familias que tienen a hijos con c\u00e1ncer infantil, en su primera etapa esta acci\u00f3n tiene que ver con la donaci\u00f3n de tapitas las cuales podr\u00e1n ser depositadas a partir del 26 de septiembre en el &#8220;Coraz\u00f3n de Betito&#8221; instalado en la explanada del Congreso del Estado y as\u00ed en otras fechas en diferentes lugares de la ciudad.<\/p>\n\n\n\n<p>La madre de Betito Meza qui\u00e9n falleci\u00f3 hace poco menos de un a\u00f1o a causa de este padecimiento, explic\u00f3 que se trata de un acto de solidaridad y apoyo para los padres y madres quienes tienen menores con este padecimiento.<\/p>\n\n\n\n<p>Destac\u00f3, que esta es una de las promesas que le hicieron a &#8220;Betito&#8221; y este viernes 22 de septiembre cumplir\u00eda 12 a\u00f1os, por lo que ha decidido organizarse con las personas que los apoyaron para ayudar a otros menores que necesitan medicamentos, suplementos alimenticios, pa\u00f1ales, entre otras cosas, pero adem\u00e1s tocar los corazones de la gente para que se haga conciencia sobre esta enfermedad y la importancia de detectarlo a tiempo.<\/p>\n\n\n\n<p>&#8220;Algo muy importante unirnos al mes dorado, mes contra el c\u00e1ncer infantil. Quienes conocieron a Betito, saben perfectamente que siempre fue un ni\u00f1o que vivi\u00f3 con mucho amor, alegr\u00eda e intensidad, sobre todo su gran pasi\u00f3n el f\u00fatbol, siempre de la mano de Dios, por esa raz\u00f3n hoy estamos aqu\u00ed afrontando una gran lecci\u00f3n y por todo lo que nos ense\u00f1\u00f3 Betito no nos rendiremos&#8221;, coment\u00f3.<\/p>\n\n\n\n<p>Finalmente dio a conocer que en M\u00e9xico, el c\u00e1ncer infantil es la primera causa de muerte por enfermedad en ni\u00f1os de 5-14 a\u00f1os y la sexta en ni\u00f1os menores de cinco, y representa casi 70 por ciento de la carga total de c\u00e1ncer en estos grupos de edad.<\/p>\n","protected":false},"excerpt":{"rendered":"<p>Dar\u00edo Pale Xalapa, Ver.- La agrupaci\u00f3n &#8220;BetitoMezaNoSeRinde\u201d en Xalapa lanzar\u00e1 una campa\u00f1a de concientizaci\u00f3n y apoyo para ni\u00f1os y ni\u00f1as con c\u00e1ncer en la entidad veracruzana, as\u00ed lo dio a conocer la se\u00f1ora Dulce Mar\u00eda G\u00f3mez, madre de Betito Meza. En conferencia de prensa la agrupaci\u00f3n &#8220;BetitoMezaNoseRinde&#8221; anunci\u00f3 apoyos para familias que tienen a hijos [&hellip;]<\/p>\n","protected":false},"author":2476,"featured_media":45576,"comment_status":"open","ping_status":"open","sticky":false,"template":"","format":"standard","meta":{"_jetpack_memberships_contains_paid_content":false,"footnotes":""},"categories":[9],"tags":[],"class_list":["post-45575","post","type-post","status-publish","format-standard","has-post-thumbnail","hentry","category-salud"],"jetpack_featured_media_url":"https:\/\/encuentroinformativo.com.mx\/wp-content\/uploads\/2023\/09\/IMG-20230922-WA0075.jpg","jetpack_sharing_enabled":true,"jetpack_likes_enabled":true,"amp_enabled":true,"_links":{"self":[{"href":"https:\/\/encuentroinformativo.com.mx\/index.php?rest_route=\/wp\/v2\/posts\/45575","targetHints":{"allow":["GET"]}}],"collection":[{"href":"https:\/\/encuentroinformativo.com.mx\/index.php?rest_route=\/wp\/v2\/posts"}],"about":[{"href":"https:\/\/encuentroinformativo.com.mx\/index.php?rest_route=\/wp\/v2\/types\/post"}],"author":[{"embeddable":true,"href":"https:\/\/encuentroinformativo.com.mx\/index.php?rest_route=\/wp\/v2\/users\/2476"}],"replies":[{"embeddable":true,"href":"https:\/\/encuentroinformativo.com.mx\/index.php?rest_route=%2Fwp%2Fv2%2Fcomments&post=45575"}],"version-history":[{"count":1,"href":"https:\/\/encuentroinformativo.com.mx\/index.php?rest_route=\/wp\/v2\/posts\/45575\/revisions"}],"predecessor-version":[{"id":45577,"href":"https:\/\/encuentroinformativo.com.mx\/index.php?rest_route=\/wp\/v2\/posts\/45575\/revisions\/45577"}],"wp:featuredmedia":[{"embeddable":true,"href":"https:\/\/encuentroinformativo.com.mx\/index.php?rest_route=\/wp\/v2\/media\/45576"}],"wp:attachment":[{"href":"https:\/\/encuentroinformativo.com.mx\/index.php?rest_route=%2Fwp%2Fv2%2Fmedia&parent=45575"}],"wp:term":[{"taxonomy":"category","embeddable":true,"href":"https:\/\/encuentroinformativo.com.mx\/index.php?rest_route=%2Fwp%2Fv2%2Fcategories&post=45575"},{"taxonomy":"post_tag","embeddable":true,"href":"https:\/\/encuentroinformativo.com.mx\/index.php?rest_route=%2Fwp%2Fv2%2Ftags&post=45575"}],"curies":[{"name":"wp","href":"https:\/\/api.w.org\/{rel}","templated":true}]}}