{"id":45614,"date":"2023-09-24T14:58:01","date_gmt":"2023-09-24T20:58:01","guid":{"rendered":"https:\/\/encuentroinformativo.com.mx\/?p=45614"},"modified":"2023-09-24T14:58:07","modified_gmt":"2023-09-24T20:58:07","slug":"sin-novedad-catem-veracruz-se-suma-al-proyecto-de-sheinbaum","status":"publish","type":"post","link":"https:\/\/encuentroinformativo.com.mx\/?p=45614","title":{"rendered":"\u00a1Sin novedad! CATEM Veracruz se suma al proyecto de  Sheinbaum"},"content":{"rendered":"\n<p>Alejandro \u00c1vila<\/p>\n\n\n\n<p>Veracruz, Ver.- El l\u00edder de la Confederaci\u00f3n Aut\u00f3noma de Trabajadores y Empleados de M\u00e9xico (CATEM), Juan Enrique Santos Mendoza, se sumar\u00e1 a los recorridos por Veracruz de la candidata a la presidencia de M\u00e9xico, Claudia Sheinbaum Pardo.<\/p>\n\n\n\n<p>El tambi\u00e9n diputado local, dijo que tanto \u00e9l como sus agremiados en la entidad veracruzana, consideran que es necesario dar continuidad al proyecto de la Cuarta Transformaci\u00f3n, para aumentar los programas y acciones que se iniciaron con Andr\u00e9s Manuel L\u00f3pez Obrador.<\/p>\n\n\n\n<p>&#8220;No tenemos dudas que la doctora Claudia Sheinbaum defender\u00e1 a la 4T y el bienestar del pueblo ante la embestida de la oposici\u00f3n, cuyo modelo de gobierno representa un retroceso social y pol\u00edtico, porque sus acciones no est\u00e1n pensadas en el progreso de la gente, sino s\u00f3lo de los grupos de poder&#8221;, expres\u00f3.<\/p>\n\n\n\n<p>Santos Mendoza se ha sumado de lleno al proyecto de la ex Jefa de Gobierno de la Ciudad de M\u00e9xico, siendo de los pocos veracruzanos que la acompa\u00f1an en sus recorridos por el pa\u00eds.&nbsp;<\/p>\n\n\n\n<p>Al legislador local se le vio con Sheinbaum Pardo en el aeropuerto de la Ciudad de M\u00e9xico minutos antes de abordar el avi\u00f3n rumbo a Culiac\u00e1n, sosteniendo un di\u00e1logo ameno que evidenciaba una estrecha relaci\u00f3n entre ambos personajes.<\/p>\n","protected":false},"excerpt":{"rendered":"<p>Alejandro \u00c1vila Veracruz, Ver.- El l\u00edder de la Confederaci\u00f3n Aut\u00f3noma de Trabajadores y Empleados de M\u00e9xico (CATEM), Juan Enrique Santos Mendoza, se sumar\u00e1 a los recorridos por Veracruz de la candidata a la presidencia de M\u00e9xico, Claudia Sheinbaum Pardo. El tambi\u00e9n diputado local, dijo que tanto \u00e9l como sus agremiados en la entidad veracruzana, consideran [&hellip;]<\/p>\n","protected":false},"author":2476,"featured_media":45615,"comment_status":"open","ping_status":"open","sticky":false,"template":"","format":"standard","meta":{"_jetpack_memberships_contains_paid_content":false,"footnotes":""},"categories":[2],"tags":[],"class_list":["post-45614","post","type-post","status-publish","format-standard","has-post-thumbnail","hentry","category-estado"],"jetpack_featured_media_url":"https:\/\/encuentroinformativo.com.mx\/wp-content\/uploads\/2023\/09\/IMG-20230924-WA00372.jpg","jetpack_sharing_enabled":true,"jetpack_likes_enabled":true,"amp_enabled":true,"_links":{"self":[{"href":"https:\/\/encuentroinformativo.com.mx\/index.php?rest_route=\/wp\/v2\/posts\/45614","targetHints":{"allow":["GET"]}}],"collection":[{"href":"https:\/\/encuentroinformativo.com.mx\/index.php?rest_route=\/wp\/v2\/posts"}],"about":[{"href":"https:\/\/encuentroinformativo.com.mx\/index.php?rest_route=\/wp\/v2\/types\/post"}],"author":[{"embeddable":true,"href":"https:\/\/encuentroinformativo.com.mx\/index.php?rest_route=\/wp\/v2\/users\/2476"}],"replies":[{"embeddable":true,"href":"https:\/\/encuentroinformativo.com.mx\/index.php?rest_route=%2Fwp%2Fv2%2Fcomments&post=45614"}],"version-history":[{"count":1,"href":"https:\/\/encuentroinformativo.com.mx\/index.php?rest_route=\/wp\/v2\/posts\/45614\/revisions"}],"predecessor-version":[{"id":45616,"href":"https:\/\/encuentroinformativo.com.mx\/index.php?rest_route=\/wp\/v2\/posts\/45614\/revisions\/45616"}],"wp:featuredmedia":[{"embeddable":true,"href":"https:\/\/encuentroinformativo.com.mx\/index.php?rest_route=\/wp\/v2\/media\/45615"}],"wp:attachment":[{"href":"https:\/\/encuentroinformativo.com.mx\/index.php?rest_route=%2Fwp%2Fv2%2Fmedia&parent=45614"}],"wp:term":[{"taxonomy":"category","embeddable":true,"href":"https:\/\/encuentroinformativo.com.mx\/index.php?rest_route=%2Fwp%2Fv2%2Fcategories&post=45614"},{"taxonomy":"post_tag","embeddable":true,"href":"https:\/\/encuentroinformativo.com.mx\/index.php?rest_route=%2Fwp%2Fv2%2Ftags&post=45614"}],"curies":[{"name":"wp","href":"https:\/\/api.w.org\/{rel}","templated":true}]}}