{"id":45617,"date":"2023-09-24T15:01:33","date_gmt":"2023-09-24T21:01:33","guid":{"rendered":"https:\/\/encuentroinformativo.com.mx\/?p=45617"},"modified":"2023-09-24T15:01:37","modified_gmt":"2023-09-24T21:01:37","slug":"veracruz-penultimo-lugar-en-desempeno-economico-pepe-yunes","status":"publish","type":"post","link":"https:\/\/encuentroinformativo.com.mx\/?p=45617","title":{"rendered":"Veracruz pen\u00faltimo lugar en desempe\u00f1o econ\u00f3mico: Pepe Yunes"},"content":{"rendered":"\n<p><strong>Alejandro \u00c1vila<\/strong><\/p>\n\n\n\n<p>Veracruz, Ver.- Durante su segundo informe de labores, el diputado federal, Jos\u00e9 Yunes Zorrilla, dijo que el estado de Veracruz se encuentra en el pen\u00faltimo lugar de desempe\u00f1o econ\u00f3mico.<\/p>\n\n\n\n<p>\u201cVeracruz est\u00e1 en el pen\u00faltimo lugar en desempe\u00f1o econ\u00f3mico. La econom\u00eda tiene que estar asociada siempre a las condiciones de vida de la gente y la forma de generar crecimiento y que se produzcan empleos bien remunerados, es a partir del desarrollo de sus regiones, con el acompa\u00f1amiento gubernamental, he luchado por generar las mejores condiciones de desempe\u00f1o de cada zona, reconocer cu\u00e1les son sus ventajas, cu\u00e1les son las posibilidades y en el contexto mayor, nacional e internacional aprovechar los momentos\u201d.&nbsp;<\/p>\n\n\n\n<p>En ese sentido, dijo que ha subido constantemente a tribuna en San L\u00e1zaro, para solicitar que se corrijan los presupuestos y se logre un equilibrio entre los apoyos sociales del gobierno y el desarrollo de los sectores productivos, los cuales han sido gravemente desatendidos.<\/p>\n\n\n\n<p>&#8220;Y es que el apoyo que se brinda con recursos p\u00fablicos a los m\u00e1s desprotegidos hoy se usa para comprar voluntades y no para resolver necesidades. Debemos reactivar el acceso de los agricultores y ganaderos a cr\u00e9dito y pr\u00e9stamos, ofrecer programas de capacitaci\u00f3n y asistencia t\u00e9cnica para mejorar sus habilidades y conocimientos en pr\u00e1cticas agr\u00edcolas sostenibles, con t\u00e9cnicas que reduzcan el impacto ambiental y promuevan la conservaci\u00f3n de recursos naturales\u201d.<\/p>\n\n\n\n<p>Pepe Yunes, adelant\u00f3 que estar\u00e1 presentando en los pr\u00f3ximos d\u00edas la iniciativa para que las pensiones de los trabajadores al servicio del Estado sean actualizadas de acuerdo con el salario m\u00ednimo y no a la medici\u00f3n de la unidad de medida y actualizaci\u00f3n, conocido como UMA.<\/p>\n\n\n\n<p>&#8220;Con esta medida los pensionados podr\u00edan recibir casi el doble de recursos\u201d, pues lo importante no es hacer propuestas en cantidad, sino tener la certeza de que tengan una validez social y jur\u00eddica para mejorar a la sociedad.&nbsp;<\/p>\n\n\n\n<p>Finalmente, confirm\u00f3 que se postular\u00e1 como candidato de El Frente Amplio por M\u00e9xico para la gubernatura de Veracruz.&nbsp;<\/p>\n\n\n\n<p>\u201cY lo haremos con toda contundencia, teniendo como prioridad la Constituci\u00f3n, la consolidaci\u00f3n de un Frente Ciudadano con respuestas puntuales a los problemas que ya escuchamos aqu\u00ed en el Estado\u201d.<\/p>\n","protected":false},"excerpt":{"rendered":"<p>Alejandro \u00c1vila Veracruz, Ver.- Durante su segundo informe de labores, el diputado federal, Jos\u00e9 Yunes Zorrilla, dijo que el estado de Veracruz se encuentra en el pen\u00faltimo lugar de desempe\u00f1o econ\u00f3mico. \u201cVeracruz est\u00e1 en el pen\u00faltimo lugar en desempe\u00f1o econ\u00f3mico. La econom\u00eda tiene que estar asociada siempre a las condiciones de vida de la gente [&hellip;]<\/p>\n","protected":false},"author":2476,"featured_media":45618,"comment_status":"open","ping_status":"open","sticky":false,"template":"","format":"standard","meta":{"_jetpack_memberships_contains_paid_content":false,"footnotes":""},"categories":[2],"tags":[],"class_list":["post-45617","post","type-post","status-publish","format-standard","has-post-thumbnail","hentry","category-estado"],"jetpack_featured_media_url":"https:\/\/encuentroinformativo.com.mx\/wp-content\/uploads\/2023\/09\/IMG-20230924-WA00392.jpg","jetpack_sharing_enabled":true,"jetpack_likes_enabled":true,"amp_enabled":true,"_links":{"self":[{"href":"https:\/\/encuentroinformativo.com.mx\/index.php?rest_route=\/wp\/v2\/posts\/45617","targetHints":{"allow":["GET"]}}],"collection":[{"href":"https:\/\/encuentroinformativo.com.mx\/index.php?rest_route=\/wp\/v2\/posts"}],"about":[{"href":"https:\/\/encuentroinformativo.com.mx\/index.php?rest_route=\/wp\/v2\/types\/post"}],"author":[{"embeddable":true,"href":"https:\/\/encuentroinformativo.com.mx\/index.php?rest_route=\/wp\/v2\/users\/2476"}],"replies":[{"embeddable":true,"href":"https:\/\/encuentroinformativo.com.mx\/index.php?rest_route=%2Fwp%2Fv2%2Fcomments&post=45617"}],"version-history":[{"count":1,"href":"https:\/\/encuentroinformativo.com.mx\/index.php?rest_route=\/wp\/v2\/posts\/45617\/revisions"}],"predecessor-version":[{"id":45619,"href":"https:\/\/encuentroinformativo.com.mx\/index.php?rest_route=\/wp\/v2\/posts\/45617\/revisions\/45619"}],"wp:featuredmedia":[{"embeddable":true,"href":"https:\/\/encuentroinformativo.com.mx\/index.php?rest_route=\/wp\/v2\/media\/45618"}],"wp:attachment":[{"href":"https:\/\/encuentroinformativo.com.mx\/index.php?rest_route=%2Fwp%2Fv2%2Fmedia&parent=45617"}],"wp:term":[{"taxonomy":"category","embeddable":true,"href":"https:\/\/encuentroinformativo.com.mx\/index.php?rest_route=%2Fwp%2Fv2%2Fcategories&post=45617"},{"taxonomy":"post_tag","embeddable":true,"href":"https:\/\/encuentroinformativo.com.mx\/index.php?rest_route=%2Fwp%2Fv2%2Ftags&post=45617"}],"curies":[{"name":"wp","href":"https:\/\/api.w.org\/{rel}","templated":true}]}}