{"id":4562,"date":"2020-07-31T12:51:17","date_gmt":"2020-07-31T17:51:17","guid":{"rendered":"https:\/\/encuentroinformativo.com\/?p=4562"},"modified":"2020-07-31T12:51:19","modified_gmt":"2020-07-31T17:51:19","slug":"diputados-yunistas-se-cuadran-con-cuitlahuac-y-cazarin","status":"publish","type":"post","link":"https:\/\/encuentroinformativo.com.mx\/?p=4562","title":{"rendered":"DIPUTADOS YUNISTAS SE CUADRAN CON CUITL\u00c1HUAC Y CAZAR\u00cdN"},"content":{"rendered":"\n<ul class=\"wp-block-list\"><li>Otra alcaldesa veracruzana con Covid19.<\/li><li>Batean al alcalde que se quer\u00eda reelegir.<\/li><li>De La Ca\u00f1a pasamos al \u201cOtzo&#8221;.<\/li><\/ul>\n\n\n\n<p>El mensaje del Estero es claro: &#8220;no quiero broncas; ah\u00ed est\u00e1n mis diputados para lo que se ofrezca&#8221;.<br>\n&#8211;Chopenjawer<\/p>\n\n\n\n<p>Este jueves, con la aprobaci\u00f3n de m\u00e1s de las dos terceras partes de la Legislatura, el Congreso del Estado nombr\u00f3 y tom\u00f3 la protesta de ley a cinco magistradas y un magistrado del Tribunal Superior de Justicia del Poder Judicial del Estado, a propuesta del gobernador Cuitl\u00e1huac Garc\u00eda Jim\u00e9nez.<\/p>\n\n\n\n<p>Se trata de Alma Rosa Flores Ceballos, Lizbeth Aurelia Jim\u00e9nez Aguirre, Itzel Castro Castillo, Mar\u00eda Lilia Viveros Ram\u00edrez y Aileth Garc\u00eda Cayetano y Antonio Sobrevilla Castillo, quienes contaron con 39 votos a favor para su designaci\u00f3n.<\/p>\n\n\n\n<p>Dentro de los votos de mayor\u00eda calificada, est\u00e1n los legisladores de la bancada panista que est\u00e1n plenamente identificados con el exgobernador Miguel \u00c1ngel Yunes Linares, ac\u00e9rrimo enemigo del presidente Andr\u00e9s Manuel L\u00f3pez Obrador y la Cuarta Transformaci\u00f3n.<\/p>\n\n\n\n<p>Destacan entre estos la diputada Mar\u00eda Josefina Gamboa Torales, una de las m\u00e1s cercanas del c\u00edrculo de los Yunes desde hace muchos a\u00f1os; Sergio Hern\u00e1ndez Hern\u00e1ndez, quien encabez\u00f3 el Congreso la pasada Legislatura, y por el que pesan se\u00f1alamientos graves de malos manejos; Juan Manuel de Unanue Abascal, candidato de los Yunes para Boca del R\u00edo; y Montserrat Ortega Ruiz, esposa del exdirigente estatal del PAN, Pepe Mancha, pe\u00f3n de los Yunes que ahora busca la alcald\u00eda de Tuxpan, donde gobierna su primo.<\/p>\n\n\n\n<p>Otros que tambi\u00e9n forman parte de ese grupo: Mar\u00eda Graciela Hern\u00e1ndez I\u00f1\u00edguez, Mar\u00eda de Jes\u00fas Mart\u00ednez D\u00edaz y Ricardo Serna Baraja.<\/p>\n\n\n\n<p>Pues bien, aunque en un principio se pensaba que quiz\u00e1s habr\u00eda algo de oposici\u00f3n, los legisladores yunistas finalmente se rindieron ante las propuestas enviadas por el gobernador, operadas por el diputado Juan Javier G\u00f3mez Cazar\u00edn, y aceptaron sin chistar la llegada de las nuevas magistradas y magistrado.<\/p>\n\n\n\n<p>Esto tambi\u00e9n se interpreta como un mensaje de bandera blanca que parece provenir del exgobernador panista, pues los legisladores que controla no se mandan solos y obedecen \u00f3rdenes e intereses del exmandatario estatal. En este sentido, quienes conocen la manera de operar del expriista (y ante el escenario de detenciones de alto nivel que se est\u00e1n dando), pareciera que lo \u00faltimo que quiere Yunes Linares es tener problemas con la 4T.<\/p>\n\n\n\n<p>Lo anterior tambi\u00e9n muestra una clara divisi\u00f3n entre los grupos panistas tradicionales y los yunistas, pues los primeros (Enrique Cambranis, Nora Jessica Lagunes, Omar Miranda y Bingen Rementer\u00eda) votaron en contra, de acuerdo a las indicaciones de su dirigente estatal Joaqu\u00edn Guzm\u00e1n Avil\u00e9s.<\/p>\n\n\n\n<p>Pero por lo que se ve, Guzm\u00e1n Avil\u00e9s queda como un dirigente sin peso para comandar a sus diputados, pues pr\u00e1cticamente toda la bancada, a excepci\u00f3n de los cuatro mencionados en el p\u00e1rrafo anterior, se rebel\u00f3 contra el l\u00edder partidista.<\/p>\n\n\n\n<p>Si a eso se le suma lo que queda del cascar\u00f3n del PRD y un PRI muy debilitado (que ya ni los pelan en las conferencias de prensa en conjunto), la mentada alianza de la que tanto se habla, el PRIANRD, parece que no tendr\u00e1 mucha fuerza que digamos.<\/p>\n\n\n\n<p>Tampoco se puede dejar de lado que el grupo de los diputados de Morena identificados con el superdelegado Manuel Huerta Ladr\u00f3n de Guevara, y liderados por el diputado Maleno Rosales, se abstuvieron de votar. Es decir, simplemente no quisieron dar su voto a favor por las diferencias que este grupo tiene con la c\u00fapula gobernante del partido lopezobradorista en Veracruz, pero tampoco son tan obvios (pero s\u00ed muy torpes) para demostrar su voto en contra; en la pr\u00e1ctica, esta abstenci\u00f3n s\u00f3lo demuestra una rebeld\u00eda insensata y sin sentido del grupo Huertista\u2026 y eso lo saben all\u00e1 en el Altiplano.<\/p>\n\n\n\n<p>A saber: se trata de los diputados Cristina Alarc\u00f3n Gutierrez, Augusto Nahum Alvarez Pellico, Jos\u00e9 Andr\u00e9s Castellanos Vel\u00e1zquez, Le\u00f3n David Jim\u00e9nez Reyes, Jessica Ram\u00edrez Cisneros, Jos\u00e9 Magdaleno Rosales Torres y (\u00a1SORPRESA!) Ana Miriam Ferraez Centeno.<\/p>\n\n\n\n<p>Por cierto, en los pasillos legislativos se comenta que, con su abstenci\u00f3n, la legisladora Ana Miriam Ferr\u00e1ez queda en autom\u00e1tico fuera del equipo cercano al gobernador, donde alguna vez se le vio en los inicios de la era Cuitl\u00e1huac.<\/p>\n\n\n\n<p><strong>NOTA PARA PEGAR EN EL REFRI: <\/strong>Que la alcaldesa de Chalma, Mariana Galv\u00e1n Arg\u00fcelles, inform\u00f3 en sus redes sociales estar contagiada de Covid-19: &#8220;La intenci\u00f3n de informarles es la responsabilidad para con las personas que tuve contacto en los \u00faltimos 15 d\u00edas. Procuren tomar medidas y ante cualquier s\u00edntoma acudan a recibir atenci\u00f3n m\u00e9dica. Estar\u00e9 bajo las recomendaciones m\u00e9dicas hasta volver a realizar la prueba y saber que ya no soy un peligro de contagio para los dem\u00e1s&#8221;. Otros presidentes municipales de Veracruz que han dado positivo al coronavirus (y la han librado) son Jorge Alberto Mier Acolt, de Emiliano Zapata; Sergio Manzur, de Juan Rodr\u00edguez Clara; Octavio P\u00e9rez, de San Andr\u00e9s Tuxtla; Agust\u00edn Lagunes, de Tlalixcoyan, y Gabriel \u00c1lvarez, de Playa Vicente. Tambi\u00e9n hay dos fallecidos: Irma Delia B\u00e1rcena Villa, de Miahuatl\u00e1n, y Gerardo Tirso, de Coetzala.<\/p>\n\n\n\n<p><strong>OTRA NOTA: <\/strong>Que la Sala Regional del Tribunal Electoral del Poder Judicial de la Federaci\u00f3n (TEPJF) mand\u00f3 a la gaver las aspiraciones caciquiles de la familia Mart\u00ednez, cuando confirm\u00f3 la sentencia dictada por el Tribunal Electoral de Veracruz (TEV) que, a su vez, confirm\u00f3 el acuerdo del Organismo P\u00fablico Electoral de Veracruz (OPLEV), mediante el cual se dio respuesta a la consulta formulada por el presidente municipal de Chicontepec, relacionada con la posibilidad de ser reelecto en ese cargo para un periodo siguiente. De esta manera, se debilita m\u00e1s esa familia cuyo patriarca est\u00e1 en Pacho Viejo.<\/p>\n\n\n\n<p><strong>LA \u00daLTIMA PORQUE YA ES VIERNES DE TOMAR SUSTANCIAS PARA PERDER EL CONOCIMIENTO Y QUEDAR EN COMA DIAB\u00c9TICO COMO EL REGIDOR DE POZA RICA: <\/strong>Una foto que hizo circular la fanpage &#8220;Gira de Bares en Xalapa&#8221; muestra lo qued\u00f3 del famoso bar &#8220;La Ca\u00f1a&#8221;, uno de los puntos de reuni\u00f3n en la capital veracruzana que a muchos nos toc\u00f3 disfrutar por su m\u00fasica en vivo, cerveza artesanal (mucho antes de que mamasearan los progres), comida y servicios tipo pub. Ubicada en la zona de Los Lagos, era un punto muy atractivo para gente de todas las edades &#8211;obvio, con mayor\u00eda de edad&#8211; e incluso lleg\u00f3 a ser defendido cuando pretendieron quitarles las sillas de la terraza por  disposici\u00f3n municipal. Ahora su local se convertir\u00e1 en otra tienda de conveniencia, cerrando toda una d\u00e9cada por motivos de la crisis sanitaria.<br><\/p>\n\n\n\n<p><strong> @pablojair<\/strong><\/p>\n","protected":false},"excerpt":{"rendered":"<p>Otra alcaldesa veracruzana con Covid19. Batean al alcalde que se quer\u00eda reelegir. De La Ca\u00f1a pasamos al \u201cOtzo&#8221;. El mensaje del Estero es claro: &#8220;no quiero broncas; ah\u00ed est\u00e1n mis diputados para lo que se ofrezca&#8221;. &#8211;Chopenjawer Este jueves, con la aprobaci\u00f3n de m\u00e1s de las dos terceras partes de la Legislatura, el Congreso del [&hellip;]<\/p>\n","protected":false},"author":1,"featured_media":387,"comment_status":"open","ping_status":"open","sticky":false,"template":"","format":"standard","meta":{"_jetpack_memberships_contains_paid_content":false,"footnotes":""},"categories":[11],"tags":[],"class_list":["post-4562","post","type-post","status-publish","format-standard","has-post-thumbnail","hentry","category-opinion"],"jetpack_featured_media_url":"https:\/\/encuentroinformativo.com.mx\/wp-content\/uploads\/2020\/03\/7CF8A22B-2764-47BE-8F7F-38FE9E5D6A2F.jpeg","jetpack_sharing_enabled":true,"jetpack_likes_enabled":true,"amp_enabled":true,"_links":{"self":[{"href":"https:\/\/encuentroinformativo.com.mx\/index.php?rest_route=\/wp\/v2\/posts\/4562","targetHints":{"allow":["GET"]}}],"collection":[{"href":"https:\/\/encuentroinformativo.com.mx\/index.php?rest_route=\/wp\/v2\/posts"}],"about":[{"href":"https:\/\/encuentroinformativo.com.mx\/index.php?rest_route=\/wp\/v2\/types\/post"}],"author":[{"embeddable":true,"href":"https:\/\/encuentroinformativo.com.mx\/index.php?rest_route=\/wp\/v2\/users\/1"}],"replies":[{"embeddable":true,"href":"https:\/\/encuentroinformativo.com.mx\/index.php?rest_route=%2Fwp%2Fv2%2Fcomments&post=4562"}],"version-history":[{"count":1,"href":"https:\/\/encuentroinformativo.com.mx\/index.php?rest_route=\/wp\/v2\/posts\/4562\/revisions"}],"predecessor-version":[{"id":4563,"href":"https:\/\/encuentroinformativo.com.mx\/index.php?rest_route=\/wp\/v2\/posts\/4562\/revisions\/4563"}],"wp:featuredmedia":[{"embeddable":true,"href":"https:\/\/encuentroinformativo.com.mx\/index.php?rest_route=\/wp\/v2\/media\/387"}],"wp:attachment":[{"href":"https:\/\/encuentroinformativo.com.mx\/index.php?rest_route=%2Fwp%2Fv2%2Fmedia&parent=4562"}],"wp:term":[{"taxonomy":"category","embeddable":true,"href":"https:\/\/encuentroinformativo.com.mx\/index.php?rest_route=%2Fwp%2Fv2%2Fcategories&post=4562"},{"taxonomy":"post_tag","embeddable":true,"href":"https:\/\/encuentroinformativo.com.mx\/index.php?rest_route=%2Fwp%2Fv2%2Ftags&post=4562"}],"curies":[{"name":"wp","href":"https:\/\/api.w.org\/{rel}","templated":true}]}}