{"id":45641,"date":"2023-09-25T10:21:26","date_gmt":"2023-09-25T16:21:26","guid":{"rendered":"https:\/\/encuentroinformativo.com.mx\/?p=45641"},"modified":"2023-09-25T10:21:32","modified_gmt":"2023-09-25T16:21:32","slug":"pri-en-veracruz-no-tiene-dirigencia-senala-aguilar-yunes","status":"publish","type":"post","link":"https:\/\/encuentroinformativo.com.mx\/?p=45641","title":{"rendered":"PRI en Veracruz no tiene dirigencia, se\u00f1ala Aguilar Yunes"},"content":{"rendered":"\n<p><strong>Alejandro \u00c1vila<\/strong><\/p>\n\n\n\n<p>Veracruz, Ver.- La dirigencia estatal del PRI en Veracruz concluy\u00f3 en el mes de mayo, por lo tanto, Marlon Ram\u00edrez Mar\u00edn, no debe ostentarse como presidente y tampoco tiene facultad para hacer acuerdos en la alianza opositora a nombre del Revolucionario Institucional, mencion\u00f3 el consejero nacional, Marco Antonio Aguilar Yunes.<\/p>\n\n\n\n<p>El exdiputado federal, asegur\u00f3 que en estos momentos el PRI en Veracruz no tiene dirigente, debido a que no existi\u00f3 una pr\u00f3rroga de mandato concedida por un \u00f3rgano competente del partido, como sucedi\u00f3 con Alejandro &#8220;Alito&#8221; Moreno, en el Comit\u00e9 Ejecutivo Nacional (CEN).<\/p>\n\n\n\n<p>&#8220;La situaci\u00f3n que guardamos es que no hay dirigente, no hay personalidad de nadie para poder firmar un acuerdo, un convenio, una coalici\u00f3n, absolutamente nada, porque no existe como tal un dirigente que haya sido electo por el m\u00e9todo que correspond\u00eda en aquel momento. Hoy las cosas pues ya son diferentes&#8221;, enfatiz\u00f3.<\/p>\n\n\n\n<p>Marco Aguilar aclar\u00f3 que, el diputado local, Marlon Ram\u00edrez, puede trabajar en la alianza como quiera, pero en su calidad de militante, no como dirigente de un partido pol\u00edtico.<\/p>\n\n\n\n<p>&#8220;Puede tener una encomienda que le hayan dado, pero no puede firmar ninguna alianza. Es decir, Marlon Ram\u00edrez Mar\u00edn, no es dirigente del partido. Ya lo sabe \u00e9l perfectamente bien, lo que hace en su momento es, estar ufan\u00e1ndose de un cargo que ya no tiene y, legalmente, pues no lo tiene, as\u00ed de sencillo&#8221;, asest\u00f3.<\/p>\n\n\n\n<p>El consejero nacional del PRI, record\u00f3 que ser\u00e1 Alejandro Moreno quien nombre de manera directa al nuevo dirigente del tricolor en Veracruz; y en estos momentos se est\u00e1 la expectativa de qui\u00e9n ser\u00e1 el nuevo encargado por el CEN del PRI para comandar al Revolucionario Institucional en Veracruz, para el proceso electoral de 2024.<\/p>\n\n\n\n<p>En en cuanto al proceso electoral venidero, dijo tener conocimiento de que al PRI le corresponde colocar al candidato que encabece a la oposici\u00f3n en la elecci\u00f3n de la gubernatura Veracruz; mientras que en el tema de la Senadur\u00eda, al PAN le corresponde la primera posici\u00f3n, y al PRD de la segunda.<\/p>\n","protected":false},"excerpt":{"rendered":"<p>Alejandro \u00c1vila Veracruz, Ver.- La dirigencia estatal del PRI en Veracruz concluy\u00f3 en el mes de mayo, por lo tanto, Marlon Ram\u00edrez Mar\u00edn, no debe ostentarse como presidente y tampoco tiene facultad para hacer acuerdos en la alianza opositora a nombre del Revolucionario Institucional, mencion\u00f3 el consejero nacional, Marco Antonio Aguilar Yunes. El exdiputado federal, [&hellip;]<\/p>\n","protected":false},"author":2476,"featured_media":45642,"comment_status":"open","ping_status":"open","sticky":false,"template":"","format":"standard","meta":{"_jetpack_memberships_contains_paid_content":false,"footnotes":""},"categories":[2],"tags":[],"class_list":["post-45641","post","type-post","status-publish","format-standard","has-post-thumbnail","hentry","category-estado"],"jetpack_featured_media_url":"https:\/\/encuentroinformativo.com.mx\/wp-content\/uploads\/2023\/09\/IMG-20230925-WA0004.jpg","jetpack_sharing_enabled":true,"jetpack_likes_enabled":true,"amp_enabled":true,"_links":{"self":[{"href":"https:\/\/encuentroinformativo.com.mx\/index.php?rest_route=\/wp\/v2\/posts\/45641","targetHints":{"allow":["GET"]}}],"collection":[{"href":"https:\/\/encuentroinformativo.com.mx\/index.php?rest_route=\/wp\/v2\/posts"}],"about":[{"href":"https:\/\/encuentroinformativo.com.mx\/index.php?rest_route=\/wp\/v2\/types\/post"}],"author":[{"embeddable":true,"href":"https:\/\/encuentroinformativo.com.mx\/index.php?rest_route=\/wp\/v2\/users\/2476"}],"replies":[{"embeddable":true,"href":"https:\/\/encuentroinformativo.com.mx\/index.php?rest_route=%2Fwp%2Fv2%2Fcomments&post=45641"}],"version-history":[{"count":1,"href":"https:\/\/encuentroinformativo.com.mx\/index.php?rest_route=\/wp\/v2\/posts\/45641\/revisions"}],"predecessor-version":[{"id":45643,"href":"https:\/\/encuentroinformativo.com.mx\/index.php?rest_route=\/wp\/v2\/posts\/45641\/revisions\/45643"}],"wp:featuredmedia":[{"embeddable":true,"href":"https:\/\/encuentroinformativo.com.mx\/index.php?rest_route=\/wp\/v2\/media\/45642"}],"wp:attachment":[{"href":"https:\/\/encuentroinformativo.com.mx\/index.php?rest_route=%2Fwp%2Fv2%2Fmedia&parent=45641"}],"wp:term":[{"taxonomy":"category","embeddable":true,"href":"https:\/\/encuentroinformativo.com.mx\/index.php?rest_route=%2Fwp%2Fv2%2Fcategories&post=45641"},{"taxonomy":"post_tag","embeddable":true,"href":"https:\/\/encuentroinformativo.com.mx\/index.php?rest_route=%2Fwp%2Fv2%2Ftags&post=45641"}],"curies":[{"name":"wp","href":"https:\/\/api.w.org\/{rel}","templated":true}]}}