{"id":45644,"date":"2023-09-25T10:28:52","date_gmt":"2023-09-25T16:28:52","guid":{"rendered":"https:\/\/encuentroinformativo.com.mx\/?p=45644"},"modified":"2023-09-25T10:28:56","modified_gmt":"2023-09-25T16:28:56","slug":"renuncia-manuel-huerta-a-bienestar-se-inscribe-a-encuesta-de-morena","status":"publish","type":"post","link":"https:\/\/encuentroinformativo.com.mx\/?p=45644","title":{"rendered":"Renuncia Manuel Huerta a Bienestar, se inscribe a encuesta de Morena"},"content":{"rendered":"\n<p><strong>Dar\u00edo Pale <\/strong><\/p>\n\n\n\n<p>Xalapa, Ver.- Present\u00f3 su renuncia al presidente Andr\u00e9s Manuel L\u00f3pez Obrador, esperar\u00e1 la respuesta, ya que el d\u00eda de hoy se inscribi\u00f3 al proceso interno de Morena, as\u00ed lo inform\u00f3 el delegado de los programas federales del Bienestar Manuel Huerta Ladr\u00f3n de Guevara.<\/p>\n\n\n\n<p>En conferencia de prensa inform\u00f3 que ya se registr\u00f3 durante la madrugada, al proceso interno de Morena para buscar la Coordinaci\u00f3n Estatal de la Defensa de la Cuarta Transformaci\u00f3n.<\/p>\n\n\n\n<p>Indic\u00f3 que tambi\u00e9n ya present\u00f3 su renuncia al presidente Andr\u00e9s Manuel L\u00f3pez Obrador, de la cual tendr\u00e1 respuesta entre este lunes o martes, ya que le mand\u00f3 una carta al Ejecutivo federal para manifestarle sus intenciones, pero \u00e9sta fue de sentimientos encontrados.<\/p>\n\n\n\n<p>El funcionario federal consider\u00f3 que todos aquellos que aspiran a la candidatura a la gubernatura por Morena, deber\u00edan renunciar a sus cargos.<\/p>\n\n\n\n<p>&#8220;Tambi\u00e9n he presentado mi renuncia al gobierno Federal porque desde que empez\u00f3 este debate yo manifest\u00e9 que uno no puede ser candil de la calle, oscuridad de su casa&#8221;, se\u00f1al\u00f3.<\/p>\n\n\n\n<p><strong>&#8220;Entonces, aunque la convocatoria no nos obliga a renunciar, yo plantee que \u00e9tica y moralmente habr\u00eda que hacerlo&#8221;, a<\/strong>greg\u00f3.<\/p>\n\n\n\n<p>Ladr\u00f3n de Guevara revel\u00f3 que su carta de renuncia fue con sentimientos encontrados porque a pesar de que cree que ha contribu\u00eddo en lo que el Ejecutivo le encomend\u00f3, no fue menor y fue en tiempos muy dif\u00edciles.<\/p>\n\n\n\n<p>El Delegado abund\u00f3 que en el caso de los directores regionales, admiti\u00f3 que seis ya renunciaron, uno lo hizo p\u00fablico, sin embargo, no se la acept\u00f3 y pidi\u00f3 a los dem\u00e1s, que tengan paciencia.<\/p>\n\n\n\n<p>Por \u00faltimo coment\u00f3 que se trata de los directores de Poza Rica, Huatusco, Orizaba, Zongolica y Coatepec, con quienes habl\u00f3 y les dijo que se tienen que esperar.<\/p>\n","protected":false},"excerpt":{"rendered":"<p>Dar\u00edo Pale Xalapa, Ver.- Present\u00f3 su renuncia al presidente Andr\u00e9s Manuel L\u00f3pez Obrador, esperar\u00e1 la respuesta, ya que el d\u00eda de hoy se inscribi\u00f3 al proceso interno de Morena, as\u00ed lo inform\u00f3 el delegado de los programas federales del Bienestar Manuel Huerta Ladr\u00f3n de Guevara. En conferencia de prensa inform\u00f3 que ya se registr\u00f3 durante [&hellip;]<\/p>\n","protected":false},"author":2476,"featured_media":45645,"comment_status":"open","ping_status":"open","sticky":false,"template":"","format":"standard","meta":{"_jetpack_memberships_contains_paid_content":false,"footnotes":""},"categories":[2],"tags":[],"class_list":["post-45644","post","type-post","status-publish","format-standard","has-post-thumbnail","hentry","category-estado"],"jetpack_featured_media_url":"https:\/\/encuentroinformativo.com.mx\/wp-content\/uploads\/2023\/09\/IMG-20230925-WA00032.jpg","jetpack_sharing_enabled":true,"jetpack_likes_enabled":true,"amp_enabled":true,"_links":{"self":[{"href":"https:\/\/encuentroinformativo.com.mx\/index.php?rest_route=\/wp\/v2\/posts\/45644","targetHints":{"allow":["GET"]}}],"collection":[{"href":"https:\/\/encuentroinformativo.com.mx\/index.php?rest_route=\/wp\/v2\/posts"}],"about":[{"href":"https:\/\/encuentroinformativo.com.mx\/index.php?rest_route=\/wp\/v2\/types\/post"}],"author":[{"embeddable":true,"href":"https:\/\/encuentroinformativo.com.mx\/index.php?rest_route=\/wp\/v2\/users\/2476"}],"replies":[{"embeddable":true,"href":"https:\/\/encuentroinformativo.com.mx\/index.php?rest_route=%2Fwp%2Fv2%2Fcomments&post=45644"}],"version-history":[{"count":1,"href":"https:\/\/encuentroinformativo.com.mx\/index.php?rest_route=\/wp\/v2\/posts\/45644\/revisions"}],"predecessor-version":[{"id":45646,"href":"https:\/\/encuentroinformativo.com.mx\/index.php?rest_route=\/wp\/v2\/posts\/45644\/revisions\/45646"}],"wp:featuredmedia":[{"embeddable":true,"href":"https:\/\/encuentroinformativo.com.mx\/index.php?rest_route=\/wp\/v2\/media\/45645"}],"wp:attachment":[{"href":"https:\/\/encuentroinformativo.com.mx\/index.php?rest_route=%2Fwp%2Fv2%2Fmedia&parent=45644"}],"wp:term":[{"taxonomy":"category","embeddable":true,"href":"https:\/\/encuentroinformativo.com.mx\/index.php?rest_route=%2Fwp%2Fv2%2Fcategories&post=45644"},{"taxonomy":"post_tag","embeddable":true,"href":"https:\/\/encuentroinformativo.com.mx\/index.php?rest_route=%2Fwp%2Fv2%2Ftags&post=45644"}],"curies":[{"name":"wp","href":"https:\/\/api.w.org\/{rel}","templated":true}]}}