{"id":45647,"date":"2023-09-25T10:57:29","date_gmt":"2023-09-25T16:57:29","guid":{"rendered":"https:\/\/encuentroinformativo.com.mx\/?p=45647"},"modified":"2023-09-25T10:57:34","modified_gmt":"2023-09-25T16:57:34","slug":"mujeres-denuncian-a-fiscalias-especializadas-de-las-altas-montanas","status":"publish","type":"post","link":"https:\/\/encuentroinformativo.com.mx\/?p=45647","title":{"rendered":"Mujeres denuncian a Fiscal\u00edas Especializadas de las Altas Monta\u00f1as"},"content":{"rendered":"\n<p><strong>Alejandro \u00c1vila<\/strong><\/p>\n\n\n\n<p>Veracruz, Ver.- Grupos feministas de Veracruz e Institutos Municipales de la Mujer de las Altas Monta\u00f1as han denunciado la falta de atenci\u00f3n adecuada por parte de las Fiscal\u00edas Especializadas de C\u00f3rdoba e Ixtaczoquitl\u00e1n, denunci\u00f3 la diputada local Ver\u00f3nica Pulido Herrera.<\/p>\n\n\n\n<p>&#8220;Criticaron que incluso a las mujeres les hacen dudar para interponer su denuncia contra sus agresores, porque al cuestionarles \u00bfya lo meditaron bien?, \u00bfya pensaron en sus hijos?, son expresiones de las Fiscales hacia las mujeres, lo que inhibe la presentaci\u00f3n de denuncia, y precisamente lo que se debe fomentar es darles esa confianza para que las mujeres puedan denunciar. Y bueno, con esto, yo se lo he dicho a la Fiscal en las dos comparecencias y voy a tener que volverlo a comentar, el que urge una capacitaci\u00f3n especializada al personal de todas las Fiscal\u00edas del Estado, que consideren las desigualdades que existen en la comisi\u00f3n de delitos contra las mujeres y en las comunidades ind\u00edgenas, que incorporen un enfoque intercultural e interseccional, ya que el acceso a la justicia es un derecho humano y debe garantizarse desde una perspectiva de g\u00e9nero&#8221;, subray\u00f3 la panista.<\/p>\n\n\n\n<p>De la misma manera, dijo se deben de considerar las medidas emitidas por la Comisi\u00f3n Nacional para Prevenir y Erradicar la Violencia contra las Mujeres (CONAVIM) en la declaratoria de Alerta de Violencia de G\u00e9nero (AVG) por feminicidio, misma que contempla la creaci\u00f3n de una Unidad de An\u00e1lisis y Contexto para Investigar desde un enfoque multidisciplinario los femicidios.<\/p>\n\n\n\n<p>&#8220;Lo que vemos hasta ahora, no se conoce ni c\u00f3mo funciona, ni cu\u00e1les han sido esos resultados. Ante esta situaci\u00f3n, es importante que se elabore y que se aplica realmente el protocolo para investigar los delitos de violencia de g\u00e9nero y los feminicidios, desde una perspectiva de g\u00e9nero para su esclarecimiento, y sobre todo garantizar a las v\u00edctimas una justicia pronta y expedita&#8221;, agreg\u00f3.<\/p>\n\n\n\n<p>La legisladora panista, dijo que Veracruz a nivel nacional ocupa el tercer lugar en feminicidios con 35; el segundo lugar en el delito de extorsi\u00f3n a mujeres con m\u00e1s de 245 casos; y finalmente 528 casos de mujeres desaparecidas, seg\u00fan datos del Observatorio Universitario de Violencia contra las Mujeres; esto en el 2023.<\/p>\n","protected":false},"excerpt":{"rendered":"<p>Alejandro \u00c1vila Veracruz, Ver.- Grupos feministas de Veracruz e Institutos Municipales de la Mujer de las Altas Monta\u00f1as han denunciado la falta de atenci\u00f3n adecuada por parte de las Fiscal\u00edas Especializadas de C\u00f3rdoba e Ixtaczoquitl\u00e1n, denunci\u00f3 la diputada local Ver\u00f3nica Pulido Herrera. &#8220;Criticaron que incluso a las mujeres les hacen dudar para interponer su denuncia [&hellip;]<\/p>\n","protected":false},"author":2476,"featured_media":45648,"comment_status":"open","ping_status":"open","sticky":false,"template":"","format":"standard","meta":{"_jetpack_memberships_contains_paid_content":false,"footnotes":""},"categories":[2],"tags":[],"class_list":["post-45647","post","type-post","status-publish","format-standard","has-post-thumbnail","hentry","category-estado"],"jetpack_featured_media_url":"https:\/\/encuentroinformativo.com.mx\/wp-content\/uploads\/2023\/09\/IMG-20230925-WA0005.jpg","jetpack_sharing_enabled":true,"jetpack_likes_enabled":true,"amp_enabled":true,"_links":{"self":[{"href":"https:\/\/encuentroinformativo.com.mx\/index.php?rest_route=\/wp\/v2\/posts\/45647","targetHints":{"allow":["GET"]}}],"collection":[{"href":"https:\/\/encuentroinformativo.com.mx\/index.php?rest_route=\/wp\/v2\/posts"}],"about":[{"href":"https:\/\/encuentroinformativo.com.mx\/index.php?rest_route=\/wp\/v2\/types\/post"}],"author":[{"embeddable":true,"href":"https:\/\/encuentroinformativo.com.mx\/index.php?rest_route=\/wp\/v2\/users\/2476"}],"replies":[{"embeddable":true,"href":"https:\/\/encuentroinformativo.com.mx\/index.php?rest_route=%2Fwp%2Fv2%2Fcomments&post=45647"}],"version-history":[{"count":1,"href":"https:\/\/encuentroinformativo.com.mx\/index.php?rest_route=\/wp\/v2\/posts\/45647\/revisions"}],"predecessor-version":[{"id":45649,"href":"https:\/\/encuentroinformativo.com.mx\/index.php?rest_route=\/wp\/v2\/posts\/45647\/revisions\/45649"}],"wp:featuredmedia":[{"embeddable":true,"href":"https:\/\/encuentroinformativo.com.mx\/index.php?rest_route=\/wp\/v2\/media\/45648"}],"wp:attachment":[{"href":"https:\/\/encuentroinformativo.com.mx\/index.php?rest_route=%2Fwp%2Fv2%2Fmedia&parent=45647"}],"wp:term":[{"taxonomy":"category","embeddable":true,"href":"https:\/\/encuentroinformativo.com.mx\/index.php?rest_route=%2Fwp%2Fv2%2Fcategories&post=45647"},{"taxonomy":"post_tag","embeddable":true,"href":"https:\/\/encuentroinformativo.com.mx\/index.php?rest_route=%2Fwp%2Fv2%2Ftags&post=45647"}],"curies":[{"name":"wp","href":"https:\/\/api.w.org\/{rel}","templated":true}]}}