{"id":45650,"date":"2023-09-25T11:06:33","date_gmt":"2023-09-25T17:06:33","guid":{"rendered":"https:\/\/encuentroinformativo.com.mx\/?p=45650"},"modified":"2023-09-25T11:06:36","modified_gmt":"2023-09-25T17:06:36","slug":"ante-ausencia-de-siop-pobladores-de-nautla-inician-programa-de-bacheo","status":"publish","type":"post","link":"https:\/\/encuentroinformativo.com.mx\/?p=45650","title":{"rendered":"Ante ausencia de SIOP, pobladores de Nautla inician programa de bacheo"},"content":{"rendered":"\n<p><strong>Eirinet G\u00f3mez<\/strong><\/p>\n\n\n\n<p>Xalapa, Ver.- Debido a que sus gestiones han sido ignoradas por la Secretar\u00eda de Infraestructura y Obras P\u00fablicas (SIOP), a cargo de Elio Hern\u00e1ndez Guti\u00e9rrez, habitantes de Jicaltepec, en el municipio de Nautla, comenzaron su propio programa de bacheo para arreglar la carretera estatal que comunica a Nautla con Misantla.<\/p>\n\n\n\n<p>Los habitantes se organizaron por su propia cuenta, y reunieron 40 sacos de cemento, contrataron maquinaria, y emprendieron una jornada de bacheo, que inici\u00f3 en la zona conocida como Las Gaviotas, que es la zona m\u00e1s deteriorada.<\/p>\n\n\n\n<p>Adri\u00e1n Ramos Aguilar, habitantes de Jicaltepec, dijo que decidieron tomar el asunto en sus propias manos porque \u201cesta es nuestra \u00fanica v\u00eda de comunicaci\u00f3n, porque del otro lado, solo podemos salir en lancha, o por el puente colgante al municipio de San Rafael\u201d.<\/p>\n\n\n\n<p>La zona de las Gaviotas, donde los habitantes hicieron la primera jornada de bacheo est\u00e1 en tal mal estado, que la carpeta asf\u00e1ltica pr\u00e1cticamente desapareci\u00f3, y la zona parece un tramo de terracer\u00eda de cualquier camino saca cosechas, y no una carretera federal.<\/p>\n\n\n\n<p>Pobladores se\u00f1alaron que a pesar de las gestiones que han hecho a trav\u00e9s del ayuntamiento de Nautla, para que la SIOP, a cargo de Elio Hern\u00e1ndez, atienda su petici\u00f3n de dar mantenimiento a la carretera, \u00e9sta no fue atendida. Advirtieron que el mal estado que guarda afecta la movilidad de la poblaci\u00f3n que requiere desplazarse para recibir servicios de salud, comercializar los productos de sus fincas, o ir a comprar productos b\u00e1sicos.<\/p>\n\n\n\n<p>\u201cEn Las Gaviotas vas a vuelta de rueda porque no puedes ir m\u00e1s r\u00e1pido, los veh\u00edculos se da\u00f1an, hay accidentes (\u2026) Hay baches que para cubrirlos totalmente se llevaron tres revolvedoras\u201d, se\u00f1al\u00f3 Adri\u00e1n Ramos.<\/p>\n\n\n\n<p>Los pobladores dijeron que ante las afectaciones a sus veh\u00edculos, y los accidentes registrados, decidieron emprender una jornada de bacheo, y reiteraron el llamado a las autoridades, para que independientemente de que se encuentren concentrados en buscar un nuevo candidato para la gubernatura en el 2024, tambi\u00e9n atiendan las necesidades las necesidades de la poblaci\u00f3n.<\/p>\n\n\n\n<p>En junio del 2021, el propio presidente Andr\u00e9s Manuel L\u00f3pez Obrador, en una gira por el norte de la entidad, hizo un llamado al gobierno de Cuitl\u00e1huac Garc\u00eda a mejorar el estado de las carreteras.<\/p>\n\n\n\n<p>\u201cHay que invertir en las carreteras libres aqu\u00ed del estado de Veracruz porque est\u00e1n llenas de baches, tenemos que mejorarlas\u201d, se\u00f1al\u00f3 en aquel momento. E incluso se anunci\u00f3 un programa emergente para atender estos inconvenientes, aunque en la zona de Nautla no se ha visto reflejada la inversi\u00f3n.<\/p>\n\n\n\n<p>Adrian Ramos Aguilar, habitantes de Jicaltepec, dijo que ellos supieron de aquel llamado que el presidente L\u00f3pez Obrador hizo a Cuitl\u00e1huac Garc\u00eda, pero \u201cseguimos esperando que cumplan con esa promesa\u201d.<\/p>\n\n\n\n<figure class=\"wp-block-image size-large\"><img loading=\"lazy\" decoding=\"async\" width=\"576\" height=\"733\" src=\"https:\/\/encuentroinformativo.com.mx\/wp-content\/uploads\/2023\/09\/IMG-20230925-WA00162.jpg\" alt=\"\" class=\"wp-image-45652\" srcset=\"https:\/\/encuentroinformativo.com.mx\/wp-content\/uploads\/2023\/09\/IMG-20230925-WA00162.jpg 576w, https:\/\/encuentroinformativo.com.mx\/wp-content\/uploads\/2023\/09\/IMG-20230925-WA00162-236x300.jpg 236w\" sizes=\"auto, (max-width: 576px) 100vw, 576px\" \/><\/figure>\n\n\n\n<figure class=\"wp-block-image size-large\"><img loading=\"lazy\" decoding=\"async\" width=\"960\" height=\"845\" src=\"https:\/\/encuentroinformativo.com.mx\/wp-content\/uploads\/2023\/09\/IMG-20230925-WA00082.jpg\" alt=\"\" class=\"wp-image-45653\" srcset=\"https:\/\/encuentroinformativo.com.mx\/wp-content\/uploads\/2023\/09\/IMG-20230925-WA00082.jpg 960w, https:\/\/encuentroinformativo.com.mx\/wp-content\/uploads\/2023\/09\/IMG-20230925-WA00082-300x264.jpg 300w, https:\/\/encuentroinformativo.com.mx\/wp-content\/uploads\/2023\/09\/IMG-20230925-WA00082-768x676.jpg 768w\" sizes=\"auto, (max-width: 960px) 100vw, 960px\" \/><\/figure>\n","protected":false},"excerpt":{"rendered":"<p>Eirinet G\u00f3mez Xalapa, Ver.- Debido a que sus gestiones han sido ignoradas por la Secretar\u00eda de Infraestructura y Obras P\u00fablicas (SIOP), a cargo de Elio Hern\u00e1ndez Guti\u00e9rrez, habitantes de Jicaltepec, en el municipio de Nautla, comenzaron su propio programa de bacheo para arreglar la carretera estatal que comunica a Nautla con Misantla. Los habitantes se [&hellip;]<\/p>\n","protected":false},"author":2476,"featured_media":45651,"comment_status":"open","ping_status":"open","sticky":false,"template":"","format":"standard","meta":{"_jetpack_memberships_contains_paid_content":false,"footnotes":""},"categories":[2],"tags":[],"class_list":["post-45650","post","type-post","status-publish","format-standard","has-post-thumbnail","hentry","category-estado"],"jetpack_featured_media_url":"https:\/\/encuentroinformativo.com.mx\/wp-content\/uploads\/2023\/09\/IMG-20230925-WA0011.jpg","jetpack_sharing_enabled":true,"jetpack_likes_enabled":true,"amp_enabled":true,"_links":{"self":[{"href":"https:\/\/encuentroinformativo.com.mx\/index.php?rest_route=\/wp\/v2\/posts\/45650","targetHints":{"allow":["GET"]}}],"collection":[{"href":"https:\/\/encuentroinformativo.com.mx\/index.php?rest_route=\/wp\/v2\/posts"}],"about":[{"href":"https:\/\/encuentroinformativo.com.mx\/index.php?rest_route=\/wp\/v2\/types\/post"}],"author":[{"embeddable":true,"href":"https:\/\/encuentroinformativo.com.mx\/index.php?rest_route=\/wp\/v2\/users\/2476"}],"replies":[{"embeddable":true,"href":"https:\/\/encuentroinformativo.com.mx\/index.php?rest_route=%2Fwp%2Fv2%2Fcomments&post=45650"}],"version-history":[{"count":1,"href":"https:\/\/encuentroinformativo.com.mx\/index.php?rest_route=\/wp\/v2\/posts\/45650\/revisions"}],"predecessor-version":[{"id":45654,"href":"https:\/\/encuentroinformativo.com.mx\/index.php?rest_route=\/wp\/v2\/posts\/45650\/revisions\/45654"}],"wp:featuredmedia":[{"embeddable":true,"href":"https:\/\/encuentroinformativo.com.mx\/index.php?rest_route=\/wp\/v2\/media\/45651"}],"wp:attachment":[{"href":"https:\/\/encuentroinformativo.com.mx\/index.php?rest_route=%2Fwp%2Fv2%2Fmedia&parent=45650"}],"wp:term":[{"taxonomy":"category","embeddable":true,"href":"https:\/\/encuentroinformativo.com.mx\/index.php?rest_route=%2Fwp%2Fv2%2Fcategories&post=45650"},{"taxonomy":"post_tag","embeddable":true,"href":"https:\/\/encuentroinformativo.com.mx\/index.php?rest_route=%2Fwp%2Fv2%2Ftags&post=45650"}],"curies":[{"name":"wp","href":"https:\/\/api.w.org\/{rel}","templated":true}]}}