{"id":45655,"date":"2023-09-25T10:07:25","date_gmt":"2023-09-25T16:07:25","guid":{"rendered":"https:\/\/encuentroinformativo.com.mx\/?p=45655"},"modified":"2023-09-25T13:09:42","modified_gmt":"2023-09-25T19:09:42","slug":"veracruz-tendra-feria-del-empleo-del-sector-turistico","status":"publish","type":"post","link":"https:\/\/encuentroinformativo.com.mx\/?p=45655","title":{"rendered":"Veracruz tendr\u00e1 Feria del Empleo del sector tur\u00edstico"},"content":{"rendered":"\n<p><strong>Alejandro \u00c1vila<\/strong><\/p>\n\n\n\n<p>Veracruz, Ver.- En el marco del D\u00eda Internacional del Turismo (27 de septiembre), el Ayuntamiento de Veracruz organiz\u00f3 en conjunto con los prestadores de servicio, una Feria del Empleo en el corredor Zamora, inform\u00f3 la alcaldesa, Patricia Lobeira Rodr\u00edguez.<\/p>\n\n\n\n<p>Se estima que se est\u00e9n ofertando poco m\u00e1s de 200 plazas laborales en diversas empresas del ramo tur\u00edstico, el horario para que puedan acudir los interesados es de 10 de la ma\u00f1ana a 2 de la tarde.<\/p>\n\n\n\n<p>&#8220;Los invitamos a que nos acompa\u00f1en, toda la gente que est\u00e9 buscando un empleo pues puede acercarse con anosotros, siempre y cuando sea un empleo dentro del sector tur\u00edstico. M\u00e1s de 20 empresas las que van a estar ah\u00ed acompa\u00f1\u00e1ndonos, entonces es el v\u00ednculo entre los que ofertan trabajo y los que buscan trabajo en este sector tur\u00edstico&#8221;, apunt\u00f3&nbsp;<\/p>\n\n\n\n<p>Paty Lobeira agreg\u00f3 que, el pr\u00f3ximo viernes 29 y s\u00e1bado 30, se realizar\u00e1 en la Plazuela de la Campana, a partir de las 7 de la noche, un evento denominado La Barra del Puerto, donde se mostrar\u00e1n todos los productos derivados del caf\u00e9.<\/p>\n\n\n\n<p>&#8220;Invitamos a todos los jarochos a que nos acompa\u00f1en y disfruten, y vean todas estas exposiciones que tenemos preparados para ellos ah\u00ed en la Plazuela de La Campana a las 7 de la noche, viernes y s\u00e1bados&#8221;, remat\u00f3.<\/p>\n","protected":false},"excerpt":{"rendered":"<p>Alejandro \u00c1vila Veracruz, Ver.- En el marco del D\u00eda Internacional del Turismo (27 de septiembre), el Ayuntamiento de Veracruz organiz\u00f3 en conjunto con los prestadores de servicio, una Feria del Empleo en el corredor Zamora, inform\u00f3 la alcaldesa, Patricia Lobeira Rodr\u00edguez. Se estima que se est\u00e9n ofertando poco m\u00e1s de 200 plazas laborales en diversas [&hellip;]<\/p>\n","protected":false},"author":2476,"featured_media":45656,"comment_status":"open","ping_status":"open","sticky":false,"template":"","format":"standard","meta":{"_jetpack_memberships_contains_paid_content":false,"footnotes":""},"categories":[2],"tags":[],"class_list":["post-45655","post","type-post","status-publish","format-standard","has-post-thumbnail","hentry","category-estado"],"jetpack_featured_media_url":"https:\/\/encuentroinformativo.com.mx\/wp-content\/uploads\/2023\/09\/IMG-20230925-WA0036.jpg","jetpack_sharing_enabled":true,"jetpack_likes_enabled":true,"amp_enabled":true,"_links":{"self":[{"href":"https:\/\/encuentroinformativo.com.mx\/index.php?rest_route=\/wp\/v2\/posts\/45655","targetHints":{"allow":["GET"]}}],"collection":[{"href":"https:\/\/encuentroinformativo.com.mx\/index.php?rest_route=\/wp\/v2\/posts"}],"about":[{"href":"https:\/\/encuentroinformativo.com.mx\/index.php?rest_route=\/wp\/v2\/types\/post"}],"author":[{"embeddable":true,"href":"https:\/\/encuentroinformativo.com.mx\/index.php?rest_route=\/wp\/v2\/users\/2476"}],"replies":[{"embeddable":true,"href":"https:\/\/encuentroinformativo.com.mx\/index.php?rest_route=%2Fwp%2Fv2%2Fcomments&post=45655"}],"version-history":[{"count":1,"href":"https:\/\/encuentroinformativo.com.mx\/index.php?rest_route=\/wp\/v2\/posts\/45655\/revisions"}],"predecessor-version":[{"id":45657,"href":"https:\/\/encuentroinformativo.com.mx\/index.php?rest_route=\/wp\/v2\/posts\/45655\/revisions\/45657"}],"wp:featuredmedia":[{"embeddable":true,"href":"https:\/\/encuentroinformativo.com.mx\/index.php?rest_route=\/wp\/v2\/media\/45656"}],"wp:attachment":[{"href":"https:\/\/encuentroinformativo.com.mx\/index.php?rest_route=%2Fwp%2Fv2%2Fmedia&parent=45655"}],"wp:term":[{"taxonomy":"category","embeddable":true,"href":"https:\/\/encuentroinformativo.com.mx\/index.php?rest_route=%2Fwp%2Fv2%2Fcategories&post=45655"},{"taxonomy":"post_tag","embeddable":true,"href":"https:\/\/encuentroinformativo.com.mx\/index.php?rest_route=%2Fwp%2Fv2%2Ftags&post=45655"}],"curies":[{"name":"wp","href":"https:\/\/api.w.org\/{rel}","templated":true}]}}