{"id":45658,"date":"2023-09-25T13:15:36","date_gmt":"2023-09-25T19:15:36","guid":{"rendered":"https:\/\/encuentroinformativo.com.mx\/?p=45658"},"modified":"2023-09-25T13:15:40","modified_gmt":"2023-09-25T19:15:40","slug":"en-su-cumpleanos-fallecio-cronista-emerito-jose-zayden","status":"publish","type":"post","link":"https:\/\/encuentroinformativo.com.mx\/?p=45658","title":{"rendered":"En su cumplea\u00f1os, falleci\u00f3 cronista em\u00e9rito Jos\u00e9 Zayd\u00e9n"},"content":{"rendered":"\n<p><strong>Dar\u00edo Pale <\/strong><\/p>\n\n\n\n<p>Xalapa, Ver.- El d\u00eda de hoy Xalapa perdi\u00f3 un gran personaje ya que falleci\u00f3 el cronista em\u00e9rito Jos\u00e9 Zayd\u00e9n Dom\u00ednguez, cuando cumpl\u00eda sus 77 a\u00f1os de vida ya que naci\u00f3 un 25 de septiembre de 1946, y quien hizo varias aportaciones a la capital del estado.<\/p>\n\n\n\n<p>Falleci\u00f3 el cronista em\u00e9rito de Xalapa, aporte a la ciudad y trabajo para rescatar el pasado hist\u00f3rico y social de Xalapa, a partir de su esp\u00edritu humanista y amor por nuestra capital, m\u00e1s all\u00e1 de su capacidad profesional como abogado y el conocimiento que ten\u00eda diversas disciplinas, como la historia.<\/p>\n\n\n\n<p>Entre su trayectoria destac\u00f3 su trabajo numism\u00e1tico, como ajedrecista, abogado, deportista, escritor e historiador, adem\u00e1s de que fue un ciudadano comprometido con la mejora de la sociedad.<\/p>\n\n\n\n<p>Escribi\u00f3 sus \u00faltimos seis libros, \u201cHeroico Colegio Militar, sus inicios\u201d, \u201cLa sociedad civil y el comercio en el desarrollo de Xalapa\u201d, \u201cRese\u00f1a hist\u00f3rica, cementerio antiguo de Xalapa\u201d, \u201cXalapa a trav\u00e9s del tiempo\u201d, \u201cInvasi\u00f3n de E.E.U.U. a Veracruz, 1914-2020\u201d, y \u201c700 a\u00f1os Xalapa\u201d.<\/p>\n\n\n\n<p>En total cuenta con 15 libros publicados; adem\u00e1s, tiene un museo particular de nueve salas, incluyendo la del Xalapa antiguo, los libros del siglo XVI y XVII y la de numism\u00e1tica, que est\u00e1 conformada por una colecci\u00f3n de monedas y billetes mexicanos del siglo XVI a la fecha.<\/p>\n\n\n\n<p>Jos\u00e9 Zayd\u00e9n, se desempe\u00f1aba como presidente del Patronato de H. Cuerpo de Bomberos de esta ciudad, dijo, tambi\u00e9n fue distinguido con dos Honoris Causa; ha colaborado con El Universal y fue secretario adjunto de la Federaci\u00f3n Latinoamericana de Periodistas.<\/p>\n\n\n\n<p>Asimismo, se desempe\u00f1\u00f3 como Magistrado del Tribunal Unitario Agrario, fue Delegado en Veracruz del Centro de Informaci\u00f3n de la ONU, y en 2016, la Asociaci\u00f3n Nacional de Cronistas de Ciudades Mexicanas le reconoci\u00f3 su trayectoria con el nombramiento de \u201cCronista Vitalicio\u201d.<\/p>\n","protected":false},"excerpt":{"rendered":"<p>Dar\u00edo Pale Xalapa, Ver.- El d\u00eda de hoy Xalapa perdi\u00f3 un gran personaje ya que falleci\u00f3 el cronista em\u00e9rito Jos\u00e9 Zayd\u00e9n Dom\u00ednguez, cuando cumpl\u00eda sus 77 a\u00f1os de vida ya que naci\u00f3 un 25 de septiembre de 1946, y quien hizo varias aportaciones a la capital del estado. Falleci\u00f3 el cronista em\u00e9rito de Xalapa, aporte [&hellip;]<\/p>\n","protected":false},"author":2476,"featured_media":45659,"comment_status":"open","ping_status":"open","sticky":false,"template":"","format":"standard","meta":{"_jetpack_memberships_contains_paid_content":false,"footnotes":""},"categories":[3],"tags":[],"class_list":["post-45658","post","type-post","status-publish","format-standard","has-post-thumbnail","hentry","category-xalapa"],"jetpack_featured_media_url":"https:\/\/encuentroinformativo.com.mx\/wp-content\/uploads\/2023\/09\/IMG-20230925-WA0044.jpg","jetpack_sharing_enabled":true,"jetpack_likes_enabled":true,"amp_enabled":true,"_links":{"self":[{"href":"https:\/\/encuentroinformativo.com.mx\/index.php?rest_route=\/wp\/v2\/posts\/45658","targetHints":{"allow":["GET"]}}],"collection":[{"href":"https:\/\/encuentroinformativo.com.mx\/index.php?rest_route=\/wp\/v2\/posts"}],"about":[{"href":"https:\/\/encuentroinformativo.com.mx\/index.php?rest_route=\/wp\/v2\/types\/post"}],"author":[{"embeddable":true,"href":"https:\/\/encuentroinformativo.com.mx\/index.php?rest_route=\/wp\/v2\/users\/2476"}],"replies":[{"embeddable":true,"href":"https:\/\/encuentroinformativo.com.mx\/index.php?rest_route=%2Fwp%2Fv2%2Fcomments&post=45658"}],"version-history":[{"count":1,"href":"https:\/\/encuentroinformativo.com.mx\/index.php?rest_route=\/wp\/v2\/posts\/45658\/revisions"}],"predecessor-version":[{"id":45660,"href":"https:\/\/encuentroinformativo.com.mx\/index.php?rest_route=\/wp\/v2\/posts\/45658\/revisions\/45660"}],"wp:featuredmedia":[{"embeddable":true,"href":"https:\/\/encuentroinformativo.com.mx\/index.php?rest_route=\/wp\/v2\/media\/45659"}],"wp:attachment":[{"href":"https:\/\/encuentroinformativo.com.mx\/index.php?rest_route=%2Fwp%2Fv2%2Fmedia&parent=45658"}],"wp:term":[{"taxonomy":"category","embeddable":true,"href":"https:\/\/encuentroinformativo.com.mx\/index.php?rest_route=%2Fwp%2Fv2%2Fcategories&post=45658"},{"taxonomy":"post_tag","embeddable":true,"href":"https:\/\/encuentroinformativo.com.mx\/index.php?rest_route=%2Fwp%2Fv2%2Ftags&post=45658"}],"curies":[{"name":"wp","href":"https:\/\/api.w.org\/{rel}","templated":true}]}}