{"id":45674,"date":"2023-09-25T14:37:07","date_gmt":"2023-09-25T20:37:07","guid":{"rendered":"https:\/\/encuentroinformativo.com.mx\/?p=45674"},"modified":"2023-09-25T14:37:11","modified_gmt":"2023-09-25T20:37:11","slug":"hay-dos-lineas-de-investigacion-en-caso-de-doctora-alamilla-gobernador","status":"publish","type":"post","link":"https:\/\/encuentroinformativo.com.mx\/?p=45674","title":{"rendered":"Hay dos l\u00edneas de investigaci\u00f3n en caso de doctora Alamilla: Gobernador"},"content":{"rendered":"\n<p><strong>Dar\u00edo Pale <\/strong><\/p>\n\n\n\n<p>Xalapa, Ver.- Hay dos l\u00edneas de investigaci\u00f3n en el caso de los asesinatos de la doctora Ruth Alamilla y su hija, ocurridos el pasado 20 de septiembre y en toda una madeja de enredos, tambi\u00e9n estar\u00eda involucrada la directora y due\u00f1a del diario Vanguardia de Veracruz, as\u00ed lo revel\u00f3 el gobernador Cuitl\u00e1huac Garc\u00eda Jim\u00e9nez.<\/p>\n\n\n\n<p>En conferencia de prensa indic\u00f3 que una de esas l\u00edneas de investigaci\u00f3n de los cr\u00edmenes de la doctora y su hija, tiene que ver con las pugnas fuertes que hay entre los grupos delictivos desde diciembre de 2022 y de la otra no quiso abundar.<\/p>\n\n\n\n<p>&#8220;Es enredo de lo mismo, pero la Fiscal es muy meticulosa y, sobre todo, en esto de tipificar bien el delito porque no es cualquier cosa&#8221;, coment\u00f3.<\/p>\n\n\n\n<p>&#8220;Se trataba de una persona muy p\u00fablica, due\u00f1a de una cl\u00ednica, pero lamentablemente enredada en los temas, presuntamente de la delincuencia organizada, s\u00ed, la doctora con otra l\u00ednea de fondo que trae un poco de eso&#8221;, agreg\u00f3.<\/p>\n\n\n\n<p>Ah\u00ed, se\u00f1al\u00f3 que la directora general del diario Vanguardia de Veracruz, Patricia N, tambi\u00e9n est\u00e1 involucrada en un secuestro y est\u00e1 involucrada en los temas de disputas y crimenes ocurridos en el municipio.<\/p>\n\n\n\n<p>Adem\u00e1s, sostuvo que su detenci\u00f3n, este fin de semana, no se hizo &#8220;al vapor&#8221; porque se obtuvo la legal orden de aprehensi\u00f3n.<\/p>\n\n\n\n<p>Afirm\u00f3 que la detenci\u00f3n de la empresaria se llev\u00f3 a cabo con todos los indicios necesarios, &#8220;No es f\u00e1cil, es un tema delicad\u00edsimo, pero si volteamos los ojos para otro lado, no vamos a atender este enredo, esta madeja a la que se ha llegado ah\u00ed (en la zona norte)&#8221;.<\/p>\n\n\n\n<p>&#8220;Incluso, la due\u00f1a de un peri\u00f3dico inmiscuida en ese tema y en ese vaiv\u00e9n de venganzas entre ellos, lamentablemente inmiscuyeron a la doctora Alamilla y a su hija&#8221;, revel\u00f3.<\/p>\n\n\n\n<p>Explic\u00f3 que derivado de las m\u00e1s de cien detenciones que se han realizado en aquella zona norte del Estado por los diversos hechos relacionados con las disputas internas de los grupos delictivos, se enteraron que un \u00a0reportero de Vanguardia y la propia due\u00f1a, Patricia N, est\u00e1n vinculados en un secuestro.<\/p>\n\n\n\n<p>Recalc\u00f3 que ante la falta de liderazgos entre las c\u00e9lulas delictivas del norte de Veracruz, se reagruparon y en ese reagrupamiento hubo traiciones y cambio de bandos.<\/p>\n\n\n\n<p>Detall\u00f3 que desde los hechos ocurridos en las primeras horas de enero de este a\u00f1o en aquel municipio con los ataques a bares, a la fecha, suman 85 detenidos.<\/p>\n\n\n\n<p>A ello hay que sumarle las 16 detenciones que inform\u00f3 la fiscal general del Estado, Ver\u00f3nica Hern\u00e1ndez Giad\u00e1ns por el hallazgo de cuerpos desmembrados en congeladoras.<\/p>\n\n\n\n<p>Ah\u00ed, revel\u00f3 que m\u00e1s tarde aparecieron tres cuerpos, producto de una venganza, por lo que en las \u00faltimas horas se registraron las detenciones de los involucrados que ya fueron presentados ante la autoridad jurisdiccional correspondiente.<\/p>\n\n\n\n<p>Finalmente se\u00f1al\u00f3 que, &#8220;Es triste pues que se hayan alcanzado esos niveles y que hay acusaciones mutuas entre los grupos, pero uff, cantidad, siguen d\u00e1ndose las traiciones ah\u00ed y pues como les dije: parejo. Hay que hacer detenciones de los presuntos responsables del grupo que sean&#8221;.<\/p>\n","protected":false},"excerpt":{"rendered":"<p>Dar\u00edo Pale Xalapa, Ver.- Hay dos l\u00edneas de investigaci\u00f3n en el caso de los asesinatos de la doctora Ruth Alamilla y su hija, ocurridos el pasado 20 de septiembre y en toda una madeja de enredos, tambi\u00e9n estar\u00eda involucrada la directora y due\u00f1a del diario Vanguardia de Veracruz, as\u00ed lo revel\u00f3 el gobernador Cuitl\u00e1huac Garc\u00eda [&hellip;]<\/p>\n","protected":false},"author":2476,"featured_media":45675,"comment_status":"open","ping_status":"open","sticky":false,"template":"","format":"standard","meta":{"_jetpack_memberships_contains_paid_content":false,"footnotes":""},"categories":[2],"tags":[],"class_list":["post-45674","post","type-post","status-publish","format-standard","has-post-thumbnail","hentry","category-estado"],"jetpack_featured_media_url":"https:\/\/encuentroinformativo.com.mx\/wp-content\/uploads\/2023\/09\/IMG-20230925-WA0094.jpg","jetpack_sharing_enabled":true,"jetpack_likes_enabled":true,"amp_enabled":true,"_links":{"self":[{"href":"https:\/\/encuentroinformativo.com.mx\/index.php?rest_route=\/wp\/v2\/posts\/45674","targetHints":{"allow":["GET"]}}],"collection":[{"href":"https:\/\/encuentroinformativo.com.mx\/index.php?rest_route=\/wp\/v2\/posts"}],"about":[{"href":"https:\/\/encuentroinformativo.com.mx\/index.php?rest_route=\/wp\/v2\/types\/post"}],"author":[{"embeddable":true,"href":"https:\/\/encuentroinformativo.com.mx\/index.php?rest_route=\/wp\/v2\/users\/2476"}],"replies":[{"embeddable":true,"href":"https:\/\/encuentroinformativo.com.mx\/index.php?rest_route=%2Fwp%2Fv2%2Fcomments&post=45674"}],"version-history":[{"count":1,"href":"https:\/\/encuentroinformativo.com.mx\/index.php?rest_route=\/wp\/v2\/posts\/45674\/revisions"}],"predecessor-version":[{"id":45676,"href":"https:\/\/encuentroinformativo.com.mx\/index.php?rest_route=\/wp\/v2\/posts\/45674\/revisions\/45676"}],"wp:featuredmedia":[{"embeddable":true,"href":"https:\/\/encuentroinformativo.com.mx\/index.php?rest_route=\/wp\/v2\/media\/45675"}],"wp:attachment":[{"href":"https:\/\/encuentroinformativo.com.mx\/index.php?rest_route=%2Fwp%2Fv2%2Fmedia&parent=45674"}],"wp:term":[{"taxonomy":"category","embeddable":true,"href":"https:\/\/encuentroinformativo.com.mx\/index.php?rest_route=%2Fwp%2Fv2%2Fcategories&post=45674"},{"taxonomy":"post_tag","embeddable":true,"href":"https:\/\/encuentroinformativo.com.mx\/index.php?rest_route=%2Fwp%2Fv2%2Ftags&post=45674"}],"curies":[{"name":"wp","href":"https:\/\/api.w.org\/{rel}","templated":true}]}}