{"id":45677,"date":"2023-09-25T14:40:52","date_gmt":"2023-09-25T20:40:52","guid":{"rendered":"https:\/\/encuentroinformativo.com.mx\/?p=45677"},"modified":"2023-09-25T14:40:56","modified_gmt":"2023-09-25T20:40:56","slug":"secretarios-no-pueden-hablar-de-sus-aspiraciones-en-horario-laboral-gobernador","status":"publish","type":"post","link":"https:\/\/encuentroinformativo.com.mx\/?p=45677","title":{"rendered":"Secretarios no pueden hablar de sus aspiraciones en horario laboral: Gobernador"},"content":{"rendered":"\n<p><strong>*Tendr\u00e1n fines de semana para hacerlo, estar\u00e1 atento<\/strong>.<\/p>\n\n\n\n<p>Xalapa, Ver.- Todo aquel integrante del gabinete estatal tendr\u00e1 \u00fanicamente s\u00e1bado y domingo para atender sus aspiraciones para contender por un cargo de elecci\u00f3n popular, de lo contrario, se le pedir\u00e1 el cargo, asegur\u00f3 el gobernador Cuitl\u00e1huac Garc\u00eda Jim\u00e9nez al ser cuestionado sobre el tema.<\/p>\n\n\n\n<p>\u201cQue se apeguen a lo que dicen, que act\u00faen con \u00e9tica, que se aboquen a las funciones que tienen, de lunes a viernes, que no est\u00e9n en el tema de su aspiraci\u00f3n, si piensan de otra manera que pongan su renuncia\u201d.<\/p>\n\n\n\n<p>Destac\u00f3 que ha dialogado con los secretarios y secretarias para que de lunes a viernes se enfoquen en el trabajo actual que desarrollan en favor de los veracruzanos y asegur\u00f3 que permanecer\u00e1 atento del desarrollo de sus actividades mientras sigan dentro del Gobierno de Veracruz.<\/p>\n\n\n\n<p>\u201cVa a estar muy atento, al secretario de gobierno, de educaci\u00f3n, de que no pueden usar los espacios de gobierno, recursos p\u00fablicos, en el af\u00e1n de promoverse\u201d.<\/p>\n\n\n\n<p>Finalmente asegur\u00f3, su administraci\u00f3n ser\u00e1 cauta, ser\u00e1 la propia gente quien juzgue y de, en su momento, ser\u00e1 elegido como coordinador o coordinadora de Defensa de la 4T en Veracruz \u201cEl pueblo es el que va a decidir, por medio de encuesta\u201d.<\/p>\n","protected":false},"excerpt":{"rendered":"<p>*Tendr\u00e1n fines de semana para hacerlo, estar\u00e1 atento. Xalapa, Ver.- Todo aquel integrante del gabinete estatal tendr\u00e1 \u00fanicamente s\u00e1bado y domingo para atender sus aspiraciones para contender por un cargo de elecci\u00f3n popular, de lo contrario, se le pedir\u00e1 el cargo, asegur\u00f3 el gobernador Cuitl\u00e1huac Garc\u00eda Jim\u00e9nez al ser cuestionado sobre el tema. \u201cQue se [&hellip;]<\/p>\n","protected":false},"author":2476,"featured_media":45678,"comment_status":"open","ping_status":"open","sticky":false,"template":"","format":"standard","meta":{"_jetpack_memberships_contains_paid_content":false,"footnotes":""},"categories":[2],"tags":[],"class_list":["post-45677","post","type-post","status-publish","format-standard","has-post-thumbnail","hentry","category-estado"],"jetpack_featured_media_url":"https:\/\/encuentroinformativo.com.mx\/wp-content\/uploads\/2023\/09\/IMG-20230925-WA00932.jpg","jetpack_sharing_enabled":true,"jetpack_likes_enabled":true,"amp_enabled":true,"_links":{"self":[{"href":"https:\/\/encuentroinformativo.com.mx\/index.php?rest_route=\/wp\/v2\/posts\/45677","targetHints":{"allow":["GET"]}}],"collection":[{"href":"https:\/\/encuentroinformativo.com.mx\/index.php?rest_route=\/wp\/v2\/posts"}],"about":[{"href":"https:\/\/encuentroinformativo.com.mx\/index.php?rest_route=\/wp\/v2\/types\/post"}],"author":[{"embeddable":true,"href":"https:\/\/encuentroinformativo.com.mx\/index.php?rest_route=\/wp\/v2\/users\/2476"}],"replies":[{"embeddable":true,"href":"https:\/\/encuentroinformativo.com.mx\/index.php?rest_route=%2Fwp%2Fv2%2Fcomments&post=45677"}],"version-history":[{"count":1,"href":"https:\/\/encuentroinformativo.com.mx\/index.php?rest_route=\/wp\/v2\/posts\/45677\/revisions"}],"predecessor-version":[{"id":45679,"href":"https:\/\/encuentroinformativo.com.mx\/index.php?rest_route=\/wp\/v2\/posts\/45677\/revisions\/45679"}],"wp:featuredmedia":[{"embeddable":true,"href":"https:\/\/encuentroinformativo.com.mx\/index.php?rest_route=\/wp\/v2\/media\/45678"}],"wp:attachment":[{"href":"https:\/\/encuentroinformativo.com.mx\/index.php?rest_route=%2Fwp%2Fv2%2Fmedia&parent=45677"}],"wp:term":[{"taxonomy":"category","embeddable":true,"href":"https:\/\/encuentroinformativo.com.mx\/index.php?rest_route=%2Fwp%2Fv2%2Fcategories&post=45677"},{"taxonomy":"post_tag","embeddable":true,"href":"https:\/\/encuentroinformativo.com.mx\/index.php?rest_route=%2Fwp%2Fv2%2Ftags&post=45677"}],"curies":[{"name":"wp","href":"https:\/\/api.w.org\/{rel}","templated":true}]}}