{"id":45683,"date":"2023-09-25T16:48:38","date_gmt":"2023-09-25T22:48:38","guid":{"rendered":"https:\/\/encuentroinformativo.com.mx\/?p=45683"},"modified":"2023-09-25T16:48:41","modified_gmt":"2023-09-25T22:48:41","slug":"por-inseguridad-zonas-indigenas-carecen-de-docentes-diputada","status":"publish","type":"post","link":"https:\/\/encuentroinformativo.com.mx\/?p=45683","title":{"rendered":"Por inseguridad, zonas ind\u00edgenas carecen de docentes: Diputada"},"content":{"rendered":"\n<p><strong>Dar\u00edo Pale<\/strong><\/p>\n\n\n\n<p>Xalapa, Ver.- La diputada local Ruth Callejas mencion\u00f3 que en las zonas ind\u00edgenas en donde m\u00e1s personal hace falta, tanto por el descuido de la SEV como por el hecho de que los docentes no quieren ir a estas zonas por la inseguridad que ah\u00ed viven.<\/p>\n\n\n\n<p>En entrevista se\u00f1al\u00f3 que para los docentes es un proceso &#8220;tortuoso&#8221; para poder contratarlos, pues hay una convocatoria, y se pide documentaci\u00f3n y m\u00e1s, deber\u00edan de ser contratados antes de iniciar el ciclo escolar.<\/p>\n\n\n\n<p>Resalt\u00f3 que es por tal motivo que no hay contrataciones y en diversos planteles no se cuenten con los docentes suficientes, aunado a esto, est\u00e1 la falta de personal que cubra interinatos o vacaciones.<\/p>\n\n\n\n<p>En este sentido hizo un llamado en\u00e9rgico a la Secretar\u00eda de Educaci\u00f3n de Veracruz (SEV), para que se ponga a trabajar y deje de estar en campa\u00f1a, pues las necesidades educativas van en crecimiento.<\/p>\n\n\n\n<p>Finalmente lament\u00f3 que sea en las zonas ind\u00edgenas en donde m\u00e1s personal hace falta, tanto por el descuido de la SEV como por el hecho de que los docentes no quieren ir a estas zonas por la inseguridad que ah\u00ed viven.<\/p>\n","protected":false},"excerpt":{"rendered":"<p>Dar\u00edo Pale Xalapa, Ver.- La diputada local Ruth Callejas mencion\u00f3 que en las zonas ind\u00edgenas en donde m\u00e1s personal hace falta, tanto por el descuido de la SEV como por el hecho de que los docentes no quieren ir a estas zonas por la inseguridad que ah\u00ed viven. En entrevista se\u00f1al\u00f3 que para los docentes [&hellip;]<\/p>\n","protected":false},"author":2476,"featured_media":36566,"comment_status":"open","ping_status":"open","sticky":false,"template":"","format":"standard","meta":{"_jetpack_memberships_contains_paid_content":false,"footnotes":""},"categories":[2],"tags":[],"class_list":["post-45683","post","type-post","status-publish","format-standard","has-post-thumbnail","hentry","category-estado"],"jetpack_featured_media_url":"https:\/\/encuentroinformativo.com.mx\/wp-content\/uploads\/2023\/02\/Photo_1675972626100.jpg","jetpack_sharing_enabled":true,"jetpack_likes_enabled":true,"amp_enabled":true,"_links":{"self":[{"href":"https:\/\/encuentroinformativo.com.mx\/index.php?rest_route=\/wp\/v2\/posts\/45683","targetHints":{"allow":["GET"]}}],"collection":[{"href":"https:\/\/encuentroinformativo.com.mx\/index.php?rest_route=\/wp\/v2\/posts"}],"about":[{"href":"https:\/\/encuentroinformativo.com.mx\/index.php?rest_route=\/wp\/v2\/types\/post"}],"author":[{"embeddable":true,"href":"https:\/\/encuentroinformativo.com.mx\/index.php?rest_route=\/wp\/v2\/users\/2476"}],"replies":[{"embeddable":true,"href":"https:\/\/encuentroinformativo.com.mx\/index.php?rest_route=%2Fwp%2Fv2%2Fcomments&post=45683"}],"version-history":[{"count":1,"href":"https:\/\/encuentroinformativo.com.mx\/index.php?rest_route=\/wp\/v2\/posts\/45683\/revisions"}],"predecessor-version":[{"id":45684,"href":"https:\/\/encuentroinformativo.com.mx\/index.php?rest_route=\/wp\/v2\/posts\/45683\/revisions\/45684"}],"wp:featuredmedia":[{"embeddable":true,"href":"https:\/\/encuentroinformativo.com.mx\/index.php?rest_route=\/wp\/v2\/media\/36566"}],"wp:attachment":[{"href":"https:\/\/encuentroinformativo.com.mx\/index.php?rest_route=%2Fwp%2Fv2%2Fmedia&parent=45683"}],"wp:term":[{"taxonomy":"category","embeddable":true,"href":"https:\/\/encuentroinformativo.com.mx\/index.php?rest_route=%2Fwp%2Fv2%2Fcategories&post=45683"},{"taxonomy":"post_tag","embeddable":true,"href":"https:\/\/encuentroinformativo.com.mx\/index.php?rest_route=%2Fwp%2Fv2%2Ftags&post=45683"}],"curies":[{"name":"wp","href":"https:\/\/api.w.org\/{rel}","templated":true}]}}