{"id":45688,"date":"2023-09-25T17:59:05","date_gmt":"2023-09-25T23:59:05","guid":{"rendered":"https:\/\/encuentroinformativo.com.mx\/?p=45688"},"modified":"2023-09-25T17:59:08","modified_gmt":"2023-09-25T23:59:08","slug":"defiende-marlon-ramirez-su-legalidad-como-dirigente-priista","status":"publish","type":"post","link":"https:\/\/encuentroinformativo.com.mx\/?p=45688","title":{"rendered":"Defiende Marlon Ram\u00edrez su legalidad como dirigente pri\u00edsta"},"content":{"rendered":"\n<p><strong>Dar\u00edo Pale <\/strong><\/p>\n\n\n\n<p>Xalapa, Ver.- No quer\u00eda entrar en una discusi\u00f3n &#8220;bizantina&#8221;, respecto de si sigue siendo o no el dirigente del Tricolor en Veracruz, as\u00ed lo se\u00f1al\u00f3 el dirigente y diputado local pri\u00edsta, Marlon Ram\u00edrez Mar\u00edn.<\/p>\n\n\n\n<p>Entrevistado posterior a la guardia de honor en el parque de los Berros se\u00f1al\u00f3 que, &#8220;no coman ansias&#8221;, expres\u00f3 y asegur\u00f3 que tiene legalidad para cualquier acto, justific\u00f3 que hay jurisprudencia respecto de la validez de su dirigencia.<\/p>\n\n\n\n<p>&#8220;Somos un partido pol\u00edtico nacional, no puede quedar ac\u00e9fala la dirigencia del Partido y tanto Ariana (la secretaria general), como un servidor, estamos investidos de legalidad para llevar a cabo todos los actos que le competen al Partido&#8221;, se\u00f1al\u00f3.<\/p>\n\n\n\n<p>El legislador local agreg\u00f3 que en pr\u00f3ximas fechas habr\u00e1 un cambio en la dirigencia, asunto que le debe dar tranquilidad, &#8220;no coman ansias&#8221;, expres\u00f3.<\/p>\n\n\n\n<p>El consejero nacional del Partido, Antonio Aguilar Yunes, afirm\u00f3 que Ram\u00edrez Mar\u00edn no debe ostentarse como presidente y tampoco tiene facultad para hacer acuerdos en la alianza opositora a nombre del Revolucionario Institucional.<\/p>\n\n\n\n<p>Finalmente en ese sentido, consider\u00f3 que el PRI de Veracruz no tiene dirigente, debido a que no existi\u00f3 una pr\u00f3rroga de mandato concedida por un \u00f3rgano competente del Partido, tal como sucedi\u00f3 con el l\u00edder nacional, Alejandro Moreno.<\/p>\n","protected":false},"excerpt":{"rendered":"<p>Dar\u00edo Pale Xalapa, Ver.- No quer\u00eda entrar en una discusi\u00f3n &#8220;bizantina&#8221;, respecto de si sigue siendo o no el dirigente del Tricolor en Veracruz, as\u00ed lo se\u00f1al\u00f3 el dirigente y diputado local pri\u00edsta, Marlon Ram\u00edrez Mar\u00edn. Entrevistado posterior a la guardia de honor en el parque de los Berros se\u00f1al\u00f3 que, &#8220;no coman ansias&#8221;, expres\u00f3 [&hellip;]<\/p>\n","protected":false},"author":2476,"featured_media":45689,"comment_status":"open","ping_status":"open","sticky":false,"template":"","format":"standard","meta":{"_jetpack_memberships_contains_paid_content":false,"footnotes":""},"categories":[2],"tags":[],"class_list":["post-45688","post","type-post","status-publish","format-standard","has-post-thumbnail","hentry","category-estado"],"jetpack_featured_media_url":"https:\/\/encuentroinformativo.com.mx\/wp-content\/uploads\/2023\/09\/IMG-20230925-WA00722.jpg","jetpack_sharing_enabled":true,"jetpack_likes_enabled":true,"amp_enabled":true,"_links":{"self":[{"href":"https:\/\/encuentroinformativo.com.mx\/index.php?rest_route=\/wp\/v2\/posts\/45688","targetHints":{"allow":["GET"]}}],"collection":[{"href":"https:\/\/encuentroinformativo.com.mx\/index.php?rest_route=\/wp\/v2\/posts"}],"about":[{"href":"https:\/\/encuentroinformativo.com.mx\/index.php?rest_route=\/wp\/v2\/types\/post"}],"author":[{"embeddable":true,"href":"https:\/\/encuentroinformativo.com.mx\/index.php?rest_route=\/wp\/v2\/users\/2476"}],"replies":[{"embeddable":true,"href":"https:\/\/encuentroinformativo.com.mx\/index.php?rest_route=%2Fwp%2Fv2%2Fcomments&post=45688"}],"version-history":[{"count":1,"href":"https:\/\/encuentroinformativo.com.mx\/index.php?rest_route=\/wp\/v2\/posts\/45688\/revisions"}],"predecessor-version":[{"id":45690,"href":"https:\/\/encuentroinformativo.com.mx\/index.php?rest_route=\/wp\/v2\/posts\/45688\/revisions\/45690"}],"wp:featuredmedia":[{"embeddable":true,"href":"https:\/\/encuentroinformativo.com.mx\/index.php?rest_route=\/wp\/v2\/media\/45689"}],"wp:attachment":[{"href":"https:\/\/encuentroinformativo.com.mx\/index.php?rest_route=%2Fwp%2Fv2%2Fmedia&parent=45688"}],"wp:term":[{"taxonomy":"category","embeddable":true,"href":"https:\/\/encuentroinformativo.com.mx\/index.php?rest_route=%2Fwp%2Fv2%2Fcategories&post=45688"},{"taxonomy":"post_tag","embeddable":true,"href":"https:\/\/encuentroinformativo.com.mx\/index.php?rest_route=%2Fwp%2Fv2%2Ftags&post=45688"}],"curies":[{"name":"wp","href":"https:\/\/api.w.org\/{rel}","templated":true}]}}