{"id":45694,"date":"2023-09-25T21:15:59","date_gmt":"2023-09-26T03:15:59","guid":{"rendered":"https:\/\/encuentroinformativo.com.mx\/?p=45694"},"modified":"2023-09-25T21:16:06","modified_gmt":"2023-09-26T03:16:06","slug":"boca-del-rio-una-ciudad-con-mejoras-continuas-destaca-alcalde-jm-unanue","status":"publish","type":"post","link":"https:\/\/encuentroinformativo.com.mx\/?p=45694","title":{"rendered":"Boca del R\u00edo, una ciudad con mejoras continuas, destaca Alcalde JM Un\u00e1nue"},"content":{"rendered":"\n<p><strong>*<em>El edil realiz\u00f3 un recorrido de supervisi\u00f3n en diferentes puntos de la ciudad en los que se est\u00e1n llevando a cabo acciones para beneficio de todos<\/em>.<\/strong><\/p>\n\n\n\n<p>Boca del R\u00edo, Ver.- El Alcalde de Boca del R\u00edo, Juan Manuel Un\u00e1nue Abascal, ha realizado una serie de recorridos de supervisi\u00f3n en distintos puntos de la ciudad en los que se est\u00e1n llevando a cabo diferentes acciones para el beneficio de los boque\u00f1os.<\/p>\n\n\n\n<p>En cuanto a las unidades deportivas, el edil boque\u00f1o expres\u00f3 que pr\u00f3ximamente se tendr\u00e1 el 100 por ciento de estos espacios rehabilitados, ya que est\u00e1 pendiente inaugurar la Unidad Deportiva \u201cPinitos\u201d y que nuevamente abrir\u00e1 su puertas para el goce y disfrute de los vecinos de la colonia Primero de Mayo Norte y zonas aleda\u00f1as.<\/p>\n\n\n\n<p>\u201cEstamos pendientes supervisando las obras que se realizan en la alberca, as\u00ed como las canchas para futbol 7 y voleibol que est\u00e1n quedando como nuevas, ser\u00eda pr\u00e1cticamente el \u00faltimo espacio de esparcimiento que nos hac\u00eda falta remodelar\u201d, coment\u00f3 el Presidente Municipal.<\/p>\n\n\n\n<p>Otro punto del municipio que visit\u00f3 el edil fue Paso Colorado, en donde las cuadrillas municipales trabajan para que dentro de poco queden rehabilitadas sus calles a fin de mejorar el traslado y la seguridad de las familias boque\u00f1as.<\/p>\n\n\n\n<p>Estas acciones son integrales y cuentan con la participaci\u00f3n de Obras P\u00fablicas, Mejoramiento Urbano, Limpia P\u00fablica y Alumbrado, realizando tareas para la mejora continua en esta importante zona del municipio.<\/p>\n\n\n\n<p>Asimismo, la pavimentaci\u00f3n en concreto hidr\u00e1ulico de la Avenida Independencia sigue su marcha, en la que adem\u00e1s de la pavimentaci\u00f3n, esta obra contar\u00e1 con nueva red de drenaje sanitario y red de agua potable que beneficiar\u00e1 directamente a 130 familias de la colonia R\u00edo Jamapa.<\/p>\n\n\n\n<p>Por otra parte, el Programa Permanente de Bacheo contin\u00faa recorriendo toda la ciudad dando puntual atenci\u00f3n a los reportes ciudadanos para mejorar el estado de calles y avenidas, destacando que a la par de contar con vialidades \u00f3ptimas, se impulsa el desarrollo econ\u00f3mico y social en el municipio.<\/p>\n\n\n\n<p>Finalmente, el Alcalde de Boca del R\u00edo record\u00f3 que se encuentra activa la campa\u00f1a \u201cBoca contra el Dengue\u201d, donde se lleva a cabo la descacharrizaci\u00f3n para prevenir la creaci\u00f3n de criaderos del mosquito transmisor de esta enfermedad en coordinaci\u00f3n con la Jurisdicci\u00f3n Sanitaria VIII Veracruz.<\/p>\n\n\n\n<figure class=\"wp-block-image size-large\"><img loading=\"lazy\" decoding=\"async\" width=\"1024\" height=\"680\" src=\"https:\/\/encuentroinformativo.com.mx\/wp-content\/uploads\/2023\/09\/IMG-20230925-WA0145.jpg\" alt=\"\" class=\"wp-image-45696\" srcset=\"https:\/\/encuentroinformativo.com.mx\/wp-content\/uploads\/2023\/09\/IMG-20230925-WA0145.jpg 1024w, https:\/\/encuentroinformativo.com.mx\/wp-content\/uploads\/2023\/09\/IMG-20230925-WA0145-300x199.jpg 300w, https:\/\/encuentroinformativo.com.mx\/wp-content\/uploads\/2023\/09\/IMG-20230925-WA0145-768x510.jpg 768w\" sizes=\"auto, (max-width: 1024px) 100vw, 1024px\" \/><\/figure>\n","protected":false},"excerpt":{"rendered":"<p>*El edil realiz\u00f3 un recorrido de supervisi\u00f3n en diferentes puntos de la ciudad en los que se est\u00e1n llevando a cabo acciones para beneficio de todos. Boca del R\u00edo, Ver.- El Alcalde de Boca del R\u00edo, Juan Manuel Un\u00e1nue Abascal, ha realizado una serie de recorridos de supervisi\u00f3n en distintos puntos de la ciudad en [&hellip;]<\/p>\n","protected":false},"author":2476,"featured_media":45695,"comment_status":"open","ping_status":"open","sticky":false,"template":"","format":"standard","meta":{"_jetpack_memberships_contains_paid_content":false,"footnotes":""},"categories":[2],"tags":[],"class_list":["post-45694","post","type-post","status-publish","format-standard","has-post-thumbnail","hentry","category-estado"],"jetpack_featured_media_url":"https:\/\/encuentroinformativo.com.mx\/wp-content\/uploads\/2023\/09\/IMG-20230925-WA0148.jpg","jetpack_sharing_enabled":true,"jetpack_likes_enabled":true,"amp_enabled":true,"_links":{"self":[{"href":"https:\/\/encuentroinformativo.com.mx\/index.php?rest_route=\/wp\/v2\/posts\/45694","targetHints":{"allow":["GET"]}}],"collection":[{"href":"https:\/\/encuentroinformativo.com.mx\/index.php?rest_route=\/wp\/v2\/posts"}],"about":[{"href":"https:\/\/encuentroinformativo.com.mx\/index.php?rest_route=\/wp\/v2\/types\/post"}],"author":[{"embeddable":true,"href":"https:\/\/encuentroinformativo.com.mx\/index.php?rest_route=\/wp\/v2\/users\/2476"}],"replies":[{"embeddable":true,"href":"https:\/\/encuentroinformativo.com.mx\/index.php?rest_route=%2Fwp%2Fv2%2Fcomments&post=45694"}],"version-history":[{"count":1,"href":"https:\/\/encuentroinformativo.com.mx\/index.php?rest_route=\/wp\/v2\/posts\/45694\/revisions"}],"predecessor-version":[{"id":45697,"href":"https:\/\/encuentroinformativo.com.mx\/index.php?rest_route=\/wp\/v2\/posts\/45694\/revisions\/45697"}],"wp:featuredmedia":[{"embeddable":true,"href":"https:\/\/encuentroinformativo.com.mx\/index.php?rest_route=\/wp\/v2\/media\/45695"}],"wp:attachment":[{"href":"https:\/\/encuentroinformativo.com.mx\/index.php?rest_route=%2Fwp%2Fv2%2Fmedia&parent=45694"}],"wp:term":[{"taxonomy":"category","embeddable":true,"href":"https:\/\/encuentroinformativo.com.mx\/index.php?rest_route=%2Fwp%2Fv2%2Fcategories&post=45694"},{"taxonomy":"post_tag","embeddable":true,"href":"https:\/\/encuentroinformativo.com.mx\/index.php?rest_route=%2Fwp%2Fv2%2Ftags&post=45694"}],"curies":[{"name":"wp","href":"https:\/\/api.w.org\/{rel}","templated":true}]}}