{"id":45705,"date":"2023-09-26T10:01:10","date_gmt":"2023-09-26T16:01:10","guid":{"rendered":"https:\/\/encuentroinformativo.com.mx\/?p=45705"},"modified":"2023-09-26T10:01:14","modified_gmt":"2023-09-26T16:01:14","slug":"vanguardia-financiado-por-la-delincuencia-organizada","status":"publish","type":"post","link":"https:\/\/encuentroinformativo.com.mx\/?p=45705","title":{"rendered":"VANGUARDIA, \u00bfFINANCIADO POR LA DELINCUENCIA ORGANIZADA?"},"content":{"rendered":"\n<p><strong>ColumnaSinNombre<br>@pablojair<\/strong><\/p>\n\n\n\n<ul class=\"wp-block-list\"><li>\u00bfSer\u00e1 que haya un asunto pasional en Tihuatl\u00e1n?<\/li><li>Que otro vuelo de Veracruz a Canc\u00fan.<\/li><li>Segundos y terceros lugares no ser\u00e1n candidatos a senador.<\/li><\/ul>\n\n\n\n<p>Que ya no es droga el pleito en Poza Rica, sino el gas<br>&#8211;Chopenjawer<\/p>\n\n\n\n<p>En una de las \u00faltimas ediciones de Cumbre Taj\u00edn del sexenio de Javier Duarte de Ochoa (no recuerdo si 2015 o 2016), andaba recorriendo el parque tem\u00e1tico con un acompa\u00f1ante oriundo de Poza Rica y me llam\u00f3 la atenci\u00f3n algo en particular: el stand del naciente peri\u00f3dico &#8220;Vanguardia de Veracruz&#8221;.<\/p>\n\n\n\n<p>Recuerdo que le coment\u00e9 a mi cuate: &#8220;para ser un peri\u00f3dico nuevo, c\u00f3mo tienen lana para derrochar&#8221;.<\/p>\n\n\n\n<p>Y es que en un peque\u00f1o espacio demostraba todo un despilfarro de recursos con varios conductores, integrantes del staff, c\u00e1maras nuevas, micr\u00f3fonos, luces profesionales, varias pantallas, veh\u00edculos, etc.<\/p>\n\n\n\n<p>O sea, para los que tenemos ya algo de a\u00f1os en este rollo de los medios, se sabe que poner un peri\u00f3dico en un momento de crisis para muchas empresas period\u00edsticas, era algo impensable y bastante suicida. Le detallo porqu\u00e9.<\/p>\n\n\n\n<p>Uno: poner un diario es muy caro por la gran cantidad de insumos que consume &#8211;desde energ\u00eda el\u00e9ctrica, papel, tintas, rotativas, inmueble&#8211; y el enorme presupuesto que se requiere para pagar n\u00f3minas y gastos diversos. Es quiz\u00e1s la redacci\u00f3n que muchos extra\u00f1amos porque ah\u00ed nos forjamos varios e hicimos amigos entra\u00f1ables, pero ya en los \u00faltimos a\u00f1os el peri\u00f3dico impreso estaba entrando en decadencia por el alcance de internet y el crecimiento de las redes sociales.<\/p>\n\n\n\n<p>Muchos han cerrado y es visible lo anterior en Xalapa: Diario AZ, Milenio El Portal, Marcha, Pol\u00edtica, entre otros, que hace un par de d\u00e9cadas atr\u00e1s cobraban la millonada y eran muy le\u00eddos, pero se fueron extinguiendo ante el crecimiento de la tecnolog\u00eda y la renuencia de actualizarse.<\/p>\n\n\n\n<p>Y dos: desde mediados del sexenio de Javier Duarte dejaron de pagar a muchos medios de comunicaci\u00f3n y \u00e9stos entraron en crisis por su sujeci\u00f3n al famoso convenio que se tiene con el Gobierno de Veracruz. Muchos, si no es que la mayor\u00eda, depend\u00edan totalmente de esa entrada de dinero para sostenerse.<\/p>\n\n\n\n<p>Cabe una an\u00e9cdota: el experimentado periodista Gabriel Arellano (en paz descanse el gran amigo) me comentaba alguna vez en tono de burla e iron\u00eda: &#8220;Hay que darle gracias al hijoelaxinghada de Duarte porque gracias a \u00e9l nos ense\u00f1amos a vivir sin convenio&#8221;.<\/p>\n\n\n\n<p>En resumen, poner un peri\u00f3dico en tiempos cuando ya no hab\u00eda dinero (o se la estaban clavando) y crec\u00edan las redes sociales, levantaba sospechas: o era de alg\u00fan pol\u00edtico que tendr\u00eda convenio con el siguiente gobernador o era una fachada para lavar dinero\u2026 O ambos.<\/p>\n\n\n\n<p>Pero adem\u00e1s s\u00famese que el propio edificio y veh\u00edculos de &#8220;Vanguardia&#8221; eran ya una excentricidad entre arquitectura y derroche a lo b\u00e1rbaro. Todav\u00eda se daban el lujo de imprimir todo el peri\u00f3dico a color (lo que es todav\u00eda m\u00e1s car\u00edsimo) y tener hasta cuatro corresponsales en Xalapa, siendo un peri\u00f3dico local de la regi\u00f3n de Poza Rica.<\/p>\n\n\n\n<p>&#8211;\u00bfY de qui\u00e9n es el peri\u00f3dico ese?&#8211; le pregunt\u00e9 a mi acompa\u00f1ante.<br>&#8211;De Goyo G\u00f3mez. Fue alcalde de Tihuatl\u00e1n y anda en lo de venta de autopartes\u2026 Yo creo que s\u00ed le deja muy bien para poner un peri\u00f3dico.<br>&#8211;\u00a1Meeeeeeh!<\/p>\n\n\n\n<p>Quien daba la cara como director, seg\u00fan me contaba mi fuente, era su hermano Eugenio G\u00f3mez Lemus.<\/p>\n\n\n\n<p>Y es que en esas andanzas del Taj\u00edn es inevitable la curiosidad period\u00edstica de saber c\u00f3mo se est\u00e1n manejando las cosas en la regi\u00f3n, c\u00f3mo va el asunto de seguridad, etc\u00e9tera; sobre todo cuando all\u00ed mataron al director del muy influyente peri\u00f3dico &#8220;La Opini\u00f3n de Poza Rica&#8221;, Ra\u00fal Gibb Guerrero, en 2005, y cuyo homicidio desencaden\u00f3 varios conflictos hasta el d\u00eda de hoy.<\/p>\n\n\n\n<p>De hecho, con su crimen &#8211;atribuido al C\u00e1rtel del Totonacapan&#8211; tambi\u00e9n se desestabiliz\u00f3 gran parte de la pol\u00edtica regional y los negocios que se realizaban en contubernio con Pemex y Ayuntamientos. Era la \u00e9poca donde estaban consolid\u00e1ndose el C\u00e1rtel del Golfo y su brazo armado Los Zetas.<\/p>\n\n\n\n<p>De &#8220;Goyo&#8221;, desde entonces, ya hab\u00eda se\u00f1alamientos de que estaba presuntamente vinculado a la delincuencia organizada (especialmente en el robo de autom\u00f3viles) y era el nuevo &#8220;rey&#8221; de la zona luego de que poco a poco se fue desarticulando el C\u00e1rtel del Totonacapan del que tanto hablaban los finados V\u00e1zquez Chagoya (abrazo al cielo, patr\u00f3n) y Mar\u00eda Elena Ferral en sus columnas o notas period\u00edsticas.<\/p>\n\n\n\n<p>A &#8220;Goyo&#8221; y &#8220;Vanguardia&#8221; les fue bien porque gan\u00f3 Yunes Linares la gubernatura en 2016, y ellos hab\u00edan apoyado con todo su candidatura, as\u00ed como la de su hijo Miguel en 2018; &#8220;Goyo&#8221; tambi\u00e9n compiti\u00f3 bajo las siglas del PAN y PRD para diputado federal en ese mismo a\u00f1o, pero perdi\u00f3.<\/p>\n\n\n\n<p>A principios de abril de 2021 detuvieron a &#8220;Goyo&#8221; y le catearon su tienda de autopartes. Por esas mismas fechas, hab\u00eda rumores de un operativo de la Polic\u00eda Ministerial en las oficinas de &#8220;Vanguardia&#8221;; el evento fue transmitido en vivo por varios medios locales y destacaron que los directivos del peri\u00f3dico ordenaron colocar veh\u00edculos en los accesos para impedir el paso de los agentes. Horas m\u00e1s tarde, &#8220;Vanguardia&#8221; dejar\u00eda de ser impreso y se dedicar\u00eda s\u00f3lo a lo digital.<\/p>\n\n\n\n<p>Meses m\u00e1s tarde, el 16 de julio, fallecer\u00eda Eugenio, el director, v\u00edctima de complicaciones del COVID-19.<\/p>\n\n\n\n<p>Su hermano &#8220;Goyo&#8221; actualmente est\u00e1 detenido en un penal federal de Oaxaca, acusado de al menos dos homicidios. Recientemente volvi\u00f3 a relucir su nombre porque &#8220;levantaron&#8221; y ejecutaron a su comadre Ruth Alamilla Olgu\u00edn (conocida doctora de la regi\u00f3n, tambi\u00e9n se\u00f1alada por un narcoreportero de estar vinculada al crimen organizado) as\u00ed como a su sobrina Maggy, en Tihuatl\u00e1n, donde Gregorio fue alcalde de 2014 al 2017.<\/p>\n\n\n\n<p>Algo pasa en Tihuatl\u00e1n, que pese a ser un lugar muy bonito (donde hacen muebles de madera fina y muy alta calidad) ha estado desde hace a\u00f1os inmerso en temas del crimen organizado. Ah\u00ed est\u00e1, por ejemplo, el ostentoso hotel H\u00edpico Inn que hace unos a\u00f1os dec\u00edan era de &#8220;Pancho&#8221; Colorado, operador financiero de Los Zetas, pero que finalmente no pudo disfrutar porque lo apa\u00f1aron y lo encarcelaron en Estados Unidos.<\/p>\n\n\n\n<p>La noche de este domingo trascendi\u00f3 que el &#8220;Vanguardia&#8221; podr\u00eda cerrar definitivamente, pues la se\u00f1ora Ivohone Patricia \u2014cu\u00f1ada de Goyo, quien qued\u00f3 al frente al fallecer su esposo\u2014 fue detenida este s\u00e1bado en Pachuca, Hidalgo, acusada de ser presunta autora intelectual del delito de secuestro agravado. Fuentes de dicho peri\u00f3dico comentaban que ya se ve dif\u00edcil que siga el diario digital porque s\u00f3lo quedan las hijas, mismas que tendr\u00e1n que atender tambi\u00e9n el asunto legal de su madre.<\/p>\n\n\n\n<p>Cabe mencionar que apenas el pasado 13 de septiembre, un empleado de confianza de Ivohone Patricia, llamado Julio C\u00e9sar &#8220;N&#8221;, alias &#8220;El Cuatlo&#8221;, quien era jefe de los reporteros polic\u00edacos de &#8220;Vanguardia&#8221;, fue detenido por elementos ministeriales por su presunta participaci\u00f3n en el cobro de un secuestro en el municipio de Cerro Azul, en 2019.<\/p>\n\n\n\n<p>&#8220;El Cuatlo&#8221;, seg\u00fan fuentes de medios en Poza Rica, era gente de alta confianza de su jefa Ivohone Patricia.<\/p>\n\n\n\n<p>No es nuevo que a algunos reporteros de policiaca les gane ese af\u00e1n de convertirse en parte del crimen organizado y vivir la fantas\u00eda de sentirse parte de la mafia. Eso se vio no hace mucho en lugares como Acayucan, el puerto de Veracruz y Xalapa, algunos con finales tr\u00e1gicos.<\/p>\n\n\n\n<p>O sea, tampoco es privativo de la zona norte este tipo de situaciones, pero en el caso de &#8220;Vanguardia&#8221; era secreto a voces &#8211;o chisme del pueblo, como quiera llamarle&#8211; qui\u00e9n controlaba el peri\u00f3dico y porque ten\u00eda tanto dinero en una \u00e9poca mal\u00edsima para medios.<\/p>\n\n\n\n<p>Pero cada quien sus conclusiones. En una de esas, sueltan a la do\u00f1ita por falta de pruebas o porque el Poder Judicial de la Federaci\u00f3n le otorga sendo amparo.<\/p>\n\n\n\n<p>A ver qu\u00e9 pasa.<\/p>\n\n\n\n<p><strong>NOTA PARA PEGAR EN EL REFRI:<\/strong> El gobernador confirm\u00f3 que son dos l\u00edneas de investigaci\u00f3n en el caso de la doctora Alamilla y su sobrina, mujeres \u201clevantadas\u201d en Tihuatl\u00e1n y asesinadas en Venustiano Carranza, Puebla (en los l\u00edmites con Veracruz). Una de ellas es la delincuencia organizada y la otra, seg\u00fan lo ventilado por el mandatario, tambi\u00e9n estar\u00eda relacionado a lo mismo, pero no especific\u00f3 c\u00f3mo\u2026 En fuentes ministeriales existe una versi\u00f3n hasta de un asunto personal donde tambi\u00e9n estar\u00edan metidos miembros de la delincuencia organizada, y tendr\u00eda que ver con la reciente relaci\u00f3n de la doctora, que termin\u00f3 en malos t\u00e9rminos\u2026 \u00bfSer\u00e1?<\/p>\n\n\n\n<p><strong>OTRA NOTA: <\/strong>Que abrir\u00e1n pr\u00f3ximamente otro vuelo para Canc\u00fan desde Veracruz, seg\u00fan le dijo el secre de Turismo, Iv\u00e1n Olvera, al gober Cuitl\u00e1huac. La aerol\u00ednea ser\u00e1 Volaris.<\/p>\n\n\n\n<p><strong>LA \u00daLTIMA PORQUE \u201cVALHALLA\u201d Y \u201cEL CONDE\u201d: <\/strong>Si se pensaba que en la inscripci\u00f3n de las \u201ccorcholatas\u201d veracruzanas para elegir al coordinador o coordinadora de la Cuarta Transformaci\u00f3n en Veracruz (virtual candidato a la gubernatura) habr\u00eda segundos o terceros lugares con pase autom\u00e1tico al Senado, el gobernador Cuitl\u00e1huac Garc\u00eda desminti\u00f3 lo anterior y dijo que quienes aspiren al Senado o diputaciones tendr\u00e1n que esperar otra convocatoria para apuntarse. Por lo pronto, los que resulten debajo del ganador o ganadora no tendr\u00e1n \u201cpremio de consolaci\u00f3n\u201d y tendr\u00e1n que someterse a una encuesta. Buzos.<\/p>\n","protected":false},"excerpt":{"rendered":"<p>ColumnaSinNombre@pablojair \u00bfSer\u00e1 que haya un asunto pasional en Tihuatl\u00e1n? Que otro vuelo de Veracruz a Canc\u00fan. Segundos y terceros lugares no ser\u00e1n candidatos a senador. Que ya no es droga el pleito en Poza Rica, sino el gas&#8211;Chopenjawer En una de las \u00faltimas ediciones de Cumbre Taj\u00edn del sexenio de Javier Duarte de Ochoa (no [&hellip;]<\/p>\n","protected":false},"author":2476,"featured_media":488,"comment_status":"open","ping_status":"open","sticky":false,"template":"","format":"standard","meta":{"_jetpack_memberships_contains_paid_content":false,"footnotes":""},"categories":[11],"tags":[],"class_list":["post-45705","post","type-post","status-publish","format-standard","has-post-thumbnail","hentry","category-opinion"],"jetpack_featured_media_url":"https:\/\/encuentroinformativo.com.mx\/wp-content\/uploads\/2020\/03\/F471F608-BA1A-416B-BA7B-BCFB24F4E6D0.jpeg","jetpack_sharing_enabled":true,"jetpack_likes_enabled":true,"amp_enabled":true,"_links":{"self":[{"href":"https:\/\/encuentroinformativo.com.mx\/index.php?rest_route=\/wp\/v2\/posts\/45705","targetHints":{"allow":["GET"]}}],"collection":[{"href":"https:\/\/encuentroinformativo.com.mx\/index.php?rest_route=\/wp\/v2\/posts"}],"about":[{"href":"https:\/\/encuentroinformativo.com.mx\/index.php?rest_route=\/wp\/v2\/types\/post"}],"author":[{"embeddable":true,"href":"https:\/\/encuentroinformativo.com.mx\/index.php?rest_route=\/wp\/v2\/users\/2476"}],"replies":[{"embeddable":true,"href":"https:\/\/encuentroinformativo.com.mx\/index.php?rest_route=%2Fwp%2Fv2%2Fcomments&post=45705"}],"version-history":[{"count":1,"href":"https:\/\/encuentroinformativo.com.mx\/index.php?rest_route=\/wp\/v2\/posts\/45705\/revisions"}],"predecessor-version":[{"id":45706,"href":"https:\/\/encuentroinformativo.com.mx\/index.php?rest_route=\/wp\/v2\/posts\/45705\/revisions\/45706"}],"wp:featuredmedia":[{"embeddable":true,"href":"https:\/\/encuentroinformativo.com.mx\/index.php?rest_route=\/wp\/v2\/media\/488"}],"wp:attachment":[{"href":"https:\/\/encuentroinformativo.com.mx\/index.php?rest_route=%2Fwp%2Fv2%2Fmedia&parent=45705"}],"wp:term":[{"taxonomy":"category","embeddable":true,"href":"https:\/\/encuentroinformativo.com.mx\/index.php?rest_route=%2Fwp%2Fv2%2Fcategories&post=45705"},{"taxonomy":"post_tag","embeddable":true,"href":"https:\/\/encuentroinformativo.com.mx\/index.php?rest_route=%2Fwp%2Fv2%2Ftags&post=45705"}],"curies":[{"name":"wp","href":"https:\/\/api.w.org\/{rel}","templated":true}]}}