{"id":45707,"date":"2023-09-26T10:05:34","date_gmt":"2023-09-26T16:05:34","guid":{"rendered":"https:\/\/encuentroinformativo.com.mx\/?p=45707"},"modified":"2023-09-26T10:05:37","modified_gmt":"2023-09-26T16:05:37","slug":"cuatro-y-anilu","status":"publish","type":"post","link":"https:\/\/encuentroinformativo.com.mx\/?p=45707","title":{"rendered":"CUATRO Y ANIL\u00da"},"content":{"rendered":"\n<p><strong>Los Pol\u00edticos\u00a0<\/strong><\/p>\n\n\n\n<p><strong>Salvador Mu\u00f1oz<\/strong><\/p>\n\n\n\n<p>A la contienda por la candidatura en el FAV (Frente Amplio por Veracruz), hay ingredientes que le ponen sabor al caldo: Fernando Yunes M\u00e1rquez y Anil\u00fa Ingram Vallines\u2026 y en una de \u00e9sas, Julen.<\/p>\n\n\n\n<p>Si no fueran suficientes dos Yunes (\u201cOootra veeez?\u201d, se pregunta la gente), entra a la contienda Chiquinando, ex alcalde y ex senador, poni\u00e9ndose a la altura de la aspirante m\u00e1s fuerte del partido en el Poder: Nahle.<\/p>\n\n\n\n<p>La incursi\u00f3n a esta justa en el FAV por parte del Clan Yunes azul, pone algunas capas que la hacen m\u00e1s interesante, como por ejemplo, que de cierto modo se vuelven a reunir estos tres personajes que el Senado los junt\u00f3\u2026<\/p>\n\n\n\n<p>Ah\u00ed por cierto, dio origen a una broma que se suscit\u00f3 por tanto Yunes en todos lados porque en ese periodo hicieron tanto ruido que aparec\u00edan como zancudos en esta \u00e9poca\u2026 \u201cQu\u00e9 no hay otro apellido?\u201d<\/p>\n\n\n\n<p>Hubo alcalde boque\u00f1o, hubo alcalde porte\u00f1o, hubo tres candidatos a la gubernatura y s\u00f3lo uno de ellos gan\u00f3\u2026 hasta en la sopa nos encontramos un Yunes!<\/p>\n\n\n\n<p>Si bien, la aparici\u00f3n de Chiquinando en este escenario se presta a suponer que ha de buscar por primera vez la candidatura a Gobernador, no deja de darle un toque de \u201cexcesivo\u201d su apellido a la contienda interna con tres Yunes\u2026<\/p>\n\n\n\n<p>Es por eso que la figura de Julen y Anil\u00fa de cierto modo refrescan en el ciudadano las opciones que ofrece el FAV.<\/p>\n\n\n\n<p>Julen quiz\u00e1s juegue su \u00faltima carta en este tren pol\u00edtico porque si no es ahora, en una de \u00e9sas, entonces, en otro tiempo, en otro momento, sea Bingen, si un d\u00eda decide sacudirse la modorra o depre pol\u00edtica que se carga desde que le quitaron la oportunidad de contender por la alcald\u00eda porte\u00f1a.<\/p>\n\n\n\n<p>Anil\u00fa est\u00e1 con el viento a su favor en varios escenarios\u2026 desde el altiplano, las mujeres vienen empujando fuerte (X\u00f3chilt y Sheinbaum) y en la entidad, Roc\u00edo Nahle contra tres contendientes varones (Sergio, Bola 8 y Huerta), un escenario similar que vive Anil\u00fa pero con cuatro fuertes, muy fuertes cartas como son Pepe, Julen, H\u00e9ctor y Chiquinando\u2026 y se dice que el viento est\u00e1 a su favor porque a diferencia de ellos, que han hecho de sus aspiraciones proyectos personales (quiz\u00e1s menos cargado en Chiquinando), ella est\u00e1 sujeta a una circunstancia de trabajo, pol\u00edtica, pero tambi\u00e9n es parte de esa deuda que el PRI tiene con sus mujeres que tuvieron que recurrir al principio de este siglo, a la rebeli\u00f3n para pugnar por lugares y a\u00fan as\u00ed les dieron lugar de suplentes: Silvia Dom\u00ednguez y Noem\u00ed Guzm\u00e1n Lagunes\u2026 Ya lo que ocurri\u00f3 luego es el activo de la f\u00f3rmula que conlleva la constancia, la conciencia y la circunstancia\u2026<\/p>\n\n\n\n<p>Hoy, esos tres elementos de la pol\u00edtica pudieran jugar a favor de Anil\u00fa por encima de cualquiera de los tres Yunes y en una de \u00e9sas, hasta de Julen.<\/p>\n\n\n\n<p>Si bien el PRI lleva mano en la designaci\u00f3n de candidato o candidata, no debe ser extra\u00f1o que esa decisi\u00f3n sea consensuada no s\u00f3lo con los dirigentes que tiene el FAV, sino tambi\u00e9n con los dem\u00e1s sectores y grupos que se conforman entorno al PRD, PRI y PAN,&nbsp; as\u00ed como con cada uno de los suspirantes\u2026 si no es as\u00ed, si no hay acuerdos desde abajo para arriba y de regreso para la toma de esa decisi\u00f3n, por muy bueno o buena que sea el candidato o la candidata, no servir\u00e1 de nada\u2026 s\u00f3lo baste recordar las \u00faltimas dos elecciones a gobernador y si no se aprendi\u00f3 de eso, pues entonces nada hay que hacer en este 2024\u2026<\/p>\n","protected":false},"excerpt":{"rendered":"<p>Los Pol\u00edticos\u00a0 Salvador Mu\u00f1oz A la contienda por la candidatura en el FAV (Frente Amplio por Veracruz), hay ingredientes que le ponen sabor al caldo: Fernando Yunes M\u00e1rquez y Anil\u00fa Ingram Vallines\u2026 y en una de \u00e9sas, Julen. Si no fueran suficientes dos Yunes (\u201cOootra veeez?\u201d, se pregunta la gente), entra a la contienda Chiquinando, [&hellip;]<\/p>\n","protected":false},"author":2476,"featured_media":387,"comment_status":"open","ping_status":"open","sticky":false,"template":"","format":"standard","meta":{"_jetpack_memberships_contains_paid_content":false,"footnotes":""},"categories":[11],"tags":[],"class_list":["post-45707","post","type-post","status-publish","format-standard","has-post-thumbnail","hentry","category-opinion"],"jetpack_featured_media_url":"https:\/\/encuentroinformativo.com.mx\/wp-content\/uploads\/2020\/03\/7CF8A22B-2764-47BE-8F7F-38FE9E5D6A2F.jpeg","jetpack_sharing_enabled":true,"jetpack_likes_enabled":true,"amp_enabled":true,"_links":{"self":[{"href":"https:\/\/encuentroinformativo.com.mx\/index.php?rest_route=\/wp\/v2\/posts\/45707","targetHints":{"allow":["GET"]}}],"collection":[{"href":"https:\/\/encuentroinformativo.com.mx\/index.php?rest_route=\/wp\/v2\/posts"}],"about":[{"href":"https:\/\/encuentroinformativo.com.mx\/index.php?rest_route=\/wp\/v2\/types\/post"}],"author":[{"embeddable":true,"href":"https:\/\/encuentroinformativo.com.mx\/index.php?rest_route=\/wp\/v2\/users\/2476"}],"replies":[{"embeddable":true,"href":"https:\/\/encuentroinformativo.com.mx\/index.php?rest_route=%2Fwp%2Fv2%2Fcomments&post=45707"}],"version-history":[{"count":1,"href":"https:\/\/encuentroinformativo.com.mx\/index.php?rest_route=\/wp\/v2\/posts\/45707\/revisions"}],"predecessor-version":[{"id":45708,"href":"https:\/\/encuentroinformativo.com.mx\/index.php?rest_route=\/wp\/v2\/posts\/45707\/revisions\/45708"}],"wp:featuredmedia":[{"embeddable":true,"href":"https:\/\/encuentroinformativo.com.mx\/index.php?rest_route=\/wp\/v2\/media\/387"}],"wp:attachment":[{"href":"https:\/\/encuentroinformativo.com.mx\/index.php?rest_route=%2Fwp%2Fv2%2Fmedia&parent=45707"}],"wp:term":[{"taxonomy":"category","embeddable":true,"href":"https:\/\/encuentroinformativo.com.mx\/index.php?rest_route=%2Fwp%2Fv2%2Fcategories&post=45707"},{"taxonomy":"post_tag","embeddable":true,"href":"https:\/\/encuentroinformativo.com.mx\/index.php?rest_route=%2Fwp%2Fv2%2Ftags&post=45707"}],"curies":[{"name":"wp","href":"https:\/\/api.w.org\/{rel}","templated":true}]}}