{"id":45712,"date":"2023-09-26T11:30:23","date_gmt":"2023-09-26T17:30:23","guid":{"rendered":"https:\/\/encuentroinformativo.com.mx\/?p=45712"},"modified":"2023-09-26T11:30:27","modified_gmt":"2023-09-26T17:30:27","slug":"para-evitar-bloqueos-resguardan-granaderos-la-xalapa-coatepec","status":"publish","type":"post","link":"https:\/\/encuentroinformativo.com.mx\/?p=45712","title":{"rendered":"Para evitar bloqueos, resguardan granaderos la Xalapa &#8211; Coatepec"},"content":{"rendered":"\n<p><strong>Juan Arcos <\/strong><\/p>\n\n\n\n<p>Coatepec, Ver.- Granaderos resguardan el bulevar Xalapa-Coatepec ante la amenaza de pobladores de la comunidad La Laguna de manifestarse y bloquear por segundo d\u00eda consecutivo la v\u00eda de comunicaci\u00f3n.<\/p>\n\n\n\n<p>Los habitantes de Coatepec exigen que cese el saqueo al banco de arena que afecta a los cuerpos de agua, pues temen quedarse sin el l\u00edquido.<\/p>\n\n\n\n<p>Despu\u00e9s de las ocho de la ma\u00f1ana de este martes 26 de septiembre, los elementos del grupo antimotines de la Secretar\u00eda de Seguridad P\u00fablica (SSP) se colocaron a costado de la carretera, en la entrada al libramiento de Coatepec.<\/p>\n\n\n\n<p>Los polic\u00edas estatales permanecieron cerca de donde los pobladores de La Laguna acusaron que camiones de volteo extraen toneladas de arena, da\u00f1ando los mantos acu\u00edferos.<\/p>\n\n\n\n<p>Los manifestantes cerraron el bulevar despu\u00e9s de las diez de la ma\u00f1ana del lunes 25 de septiembre y lo liberaron despu\u00e9s de las cinco de la tarde, situaci\u00f3n que gener\u00f3 un gran caos vial en la zona.<\/p>\n\n\n\n<p>Desde julio pasado iniciaron las maniobras para el retiro de la arena y la gente not\u00f3 una disminuci\u00f3n en los niveles del agua. Los pobladores indicaron que esto coincidi\u00f3 con el arranque de los trabajos para la construcci\u00f3n de la segunda etapa del libramiento.<\/p>\n\n\n\n<p>Algunos conductores se pronunciaron a favor de la intervenci\u00f3n de la Polic\u00eda Estatal para evitar el cierre de la carretera, pues durante el lunes tambi\u00e9n colaps\u00f3 la vialidad sobre la carretera antigua a Coatepec, en la zona de Briones.<\/p>\n\n\n\n<p>De acuerdo con Renata D\u00edaz Gonz\u00e1lez, quien viaja todos los d\u00edas a Xalapa para trasladarse a su trabajo, hubo una grave afectaci\u00f3n por la protesta y el bloqueo que realizaron los pobladores durante siete horas.<\/p>\n\n\n\n<p>&#8220;Entendemos el malestar de la gente de La Laguna porque temen quedarse sin agua, pero no estamos de acuerdo en que se afecte a terceros, por eso creo que est\u00e1 bien que intervenga la polic\u00eda para evitar que cierren la carretera nuevamente\u201d.<\/p>\n\n\n\n<p>Cabe recordar que los manifestantes dialogaron con autoridades estatales y les prometieron realizar las supervisiones necesarias para determinar si la extracci\u00f3n de arena genera afectaciones al entorno ecol\u00f3gico.<\/p>\n\n\n\n<p>En caso de que las autoridades no cumplieron dicha situaci\u00f3n, los habitantes de La Laguna amagaron con cerrar nuevamente el bulevar Xalapa-Coatepec; sin embargo, esto no ser\u00eda permitido por los granaderos.<\/p>\n\n\n\n<figure class=\"wp-block-image size-large\"><img loading=\"lazy\" decoding=\"async\" width=\"1024\" height=\"768\" src=\"https:\/\/encuentroinformativo.com.mx\/wp-content\/uploads\/2023\/09\/IMG_6113-1024x768.jpg\" alt=\"\" class=\"wp-image-45714\" srcset=\"https:\/\/encuentroinformativo.com.mx\/wp-content\/uploads\/2023\/09\/IMG_6113-1024x768.jpg 1024w, https:\/\/encuentroinformativo.com.mx\/wp-content\/uploads\/2023\/09\/IMG_6113-300x225.jpg 300w, https:\/\/encuentroinformativo.com.mx\/wp-content\/uploads\/2023\/09\/IMG_6113-768x576.jpg 768w, https:\/\/encuentroinformativo.com.mx\/wp-content\/uploads\/2023\/09\/IMG_6113.jpg 1280w\" sizes=\"auto, (max-width: 1024px) 100vw, 1024px\" \/><\/figure>\n","protected":false},"excerpt":{"rendered":"<p>Juan Arcos Coatepec, Ver.- Granaderos resguardan el bulevar Xalapa-Coatepec ante la amenaza de pobladores de la comunidad La Laguna de manifestarse y bloquear por segundo d\u00eda consecutivo la v\u00eda de comunicaci\u00f3n. Los habitantes de Coatepec exigen que cese el saqueo al banco de arena que afecta a los cuerpos de agua, pues temen quedarse sin [&hellip;]<\/p>\n","protected":false},"author":2476,"featured_media":45713,"comment_status":"open","ping_status":"open","sticky":false,"template":"","format":"standard","meta":{"_jetpack_memberships_contains_paid_content":false,"footnotes":""},"categories":[8],"tags":[],"class_list":["post-45712","post","type-post","status-publish","format-standard","has-post-thumbnail","hentry","category-region"],"jetpack_featured_media_url":"https:\/\/encuentroinformativo.com.mx\/wp-content\/uploads\/2023\/09\/IMG_61112.jpg","jetpack_sharing_enabled":true,"jetpack_likes_enabled":true,"amp_enabled":true,"_links":{"self":[{"href":"https:\/\/encuentroinformativo.com.mx\/index.php?rest_route=\/wp\/v2\/posts\/45712","targetHints":{"allow":["GET"]}}],"collection":[{"href":"https:\/\/encuentroinformativo.com.mx\/index.php?rest_route=\/wp\/v2\/posts"}],"about":[{"href":"https:\/\/encuentroinformativo.com.mx\/index.php?rest_route=\/wp\/v2\/types\/post"}],"author":[{"embeddable":true,"href":"https:\/\/encuentroinformativo.com.mx\/index.php?rest_route=\/wp\/v2\/users\/2476"}],"replies":[{"embeddable":true,"href":"https:\/\/encuentroinformativo.com.mx\/index.php?rest_route=%2Fwp%2Fv2%2Fcomments&post=45712"}],"version-history":[{"count":1,"href":"https:\/\/encuentroinformativo.com.mx\/index.php?rest_route=\/wp\/v2\/posts\/45712\/revisions"}],"predecessor-version":[{"id":45715,"href":"https:\/\/encuentroinformativo.com.mx\/index.php?rest_route=\/wp\/v2\/posts\/45712\/revisions\/45715"}],"wp:featuredmedia":[{"embeddable":true,"href":"https:\/\/encuentroinformativo.com.mx\/index.php?rest_route=\/wp\/v2\/media\/45713"}],"wp:attachment":[{"href":"https:\/\/encuentroinformativo.com.mx\/index.php?rest_route=%2Fwp%2Fv2%2Fmedia&parent=45712"}],"wp:term":[{"taxonomy":"category","embeddable":true,"href":"https:\/\/encuentroinformativo.com.mx\/index.php?rest_route=%2Fwp%2Fv2%2Fcategories&post=45712"},{"taxonomy":"post_tag","embeddable":true,"href":"https:\/\/encuentroinformativo.com.mx\/index.php?rest_route=%2Fwp%2Fv2%2Ftags&post=45712"}],"curies":[{"name":"wp","href":"https:\/\/api.w.org\/{rel}","templated":true}]}}