{"id":45720,"date":"2023-09-26T11:59:11","date_gmt":"2023-09-26T17:59:11","guid":{"rendered":"https:\/\/encuentroinformativo.com.mx\/?p=45720"},"modified":"2023-09-26T11:59:15","modified_gmt":"2023-09-26T17:59:15","slug":"tras-registro-se-pasea-nahle-en-cafe-porteno","status":"publish","type":"post","link":"https:\/\/encuentroinformativo.com.mx\/?p=45720","title":{"rendered":"Tras registro, se pasea Nahle en caf\u00e9 porte\u00f1o"},"content":{"rendered":"\n<p><strong>Alejandro \u00c1vila <\/strong><\/p>\n\n\n\n<p>Veracruz, Ver.- La a\u00fan secretaria de Energ\u00eda, Roc\u00edo Nahle Garc\u00eda, se pase\u00f3 por conocido caf\u00e9 del Malec\u00f3n de Veracruz y, tras registrase como candidata a la Coordinaci\u00f3n Estatal de los Comit\u00e9s de Defensa de la Cuarta Transformaci\u00f3n, mencion\u00f3 que ser\u00e1 a m\u00e1s tardar en el mes de noviembre cuando renuncie a la SENER.<\/p>\n\n\n\n<p>La funcionaria federal dijo que a\u00fan tiene proyectos de concluir en la Secretar\u00eda de Energ\u00eda, por ejemplo, est\u00e1 pendiente un programa de generaci\u00f3n de Electricidad y Gas, mismos que espera terminar antes de dejar el cargo.<\/p>\n\n\n\n<p>Se\u00f1al\u00f3 que este proyecto se tiene programado entregarse en octubre y noviembre, por lo cual consultar\u00e1 con el presidente Andr\u00e9s Manuel L\u00f3pez Obrador, si no hay inconveniente en que se quede hasta que termine por completo el programa presentado para este a\u00f1o.&nbsp;<\/p>\n\n\n\n<p>&#8220;Voy a preguntar entre octubre y noviembre para poder terminar el plan de trabajo que tenemos en electricidad y gas, a menos que surja otra cosa yo presentar\u00e9 la renuncia. Esta al cien por ciento la refiner\u00eda ya se construy\u00f3, la refiner\u00eda esta en operaci\u00f3n&#8221;.&nbsp;<\/p>\n\n\n\n<p>Sobre la encuesta, dijo que respetar\u00e1n la decisi\u00f3n que tome el partido sobre el n\u00famero de mediciones que se hagan, y asegur\u00f3 que se encuentra confiada en que el pueblo decidir\u00e1 a la mejor opci\u00f3n para encabezar la siguiente etapa de la Cuarta Transformaci\u00f3n.<\/p>\n\n\n\n<p>&#8220;Se va a empezar a medir a partir del 16, 17 de octubre, una coordinaci\u00f3n o una gubernatura no se hacen 15 d\u00edas se hace con una trayectoria con resultados y hoy los veracruzanos van a emitir su opini\u00f3n sobre una trayectoria y unos resultados y tenemos perfiles de primera&#8221;, concluy\u00f3.<\/p>\n","protected":false},"excerpt":{"rendered":"<p>Alejandro \u00c1vila Veracruz, Ver.- La a\u00fan secretaria de Energ\u00eda, Roc\u00edo Nahle Garc\u00eda, se pase\u00f3 por conocido caf\u00e9 del Malec\u00f3n de Veracruz y, tras registrase como candidata a la Coordinaci\u00f3n Estatal de los Comit\u00e9s de Defensa de la Cuarta Transformaci\u00f3n, mencion\u00f3 que ser\u00e1 a m\u00e1s tardar en el mes de noviembre cuando renuncie a la SENER. [&hellip;]<\/p>\n","protected":false},"author":2476,"featured_media":45721,"comment_status":"open","ping_status":"open","sticky":false,"template":"","format":"standard","meta":{"_jetpack_memberships_contains_paid_content":false,"footnotes":""},"categories":[2],"tags":[],"class_list":["post-45720","post","type-post","status-publish","format-standard","has-post-thumbnail","hentry","category-estado"],"jetpack_featured_media_url":"https:\/\/encuentroinformativo.com.mx\/wp-content\/uploads\/2023\/09\/IMG-20230926-WA00252.jpg","jetpack_sharing_enabled":true,"jetpack_likes_enabled":true,"amp_enabled":true,"_links":{"self":[{"href":"https:\/\/encuentroinformativo.com.mx\/index.php?rest_route=\/wp\/v2\/posts\/45720","targetHints":{"allow":["GET"]}}],"collection":[{"href":"https:\/\/encuentroinformativo.com.mx\/index.php?rest_route=\/wp\/v2\/posts"}],"about":[{"href":"https:\/\/encuentroinformativo.com.mx\/index.php?rest_route=\/wp\/v2\/types\/post"}],"author":[{"embeddable":true,"href":"https:\/\/encuentroinformativo.com.mx\/index.php?rest_route=\/wp\/v2\/users\/2476"}],"replies":[{"embeddable":true,"href":"https:\/\/encuentroinformativo.com.mx\/index.php?rest_route=%2Fwp%2Fv2%2Fcomments&post=45720"}],"version-history":[{"count":1,"href":"https:\/\/encuentroinformativo.com.mx\/index.php?rest_route=\/wp\/v2\/posts\/45720\/revisions"}],"predecessor-version":[{"id":45722,"href":"https:\/\/encuentroinformativo.com.mx\/index.php?rest_route=\/wp\/v2\/posts\/45720\/revisions\/45722"}],"wp:featuredmedia":[{"embeddable":true,"href":"https:\/\/encuentroinformativo.com.mx\/index.php?rest_route=\/wp\/v2\/media\/45721"}],"wp:attachment":[{"href":"https:\/\/encuentroinformativo.com.mx\/index.php?rest_route=%2Fwp%2Fv2%2Fmedia&parent=45720"}],"wp:term":[{"taxonomy":"category","embeddable":true,"href":"https:\/\/encuentroinformativo.com.mx\/index.php?rest_route=%2Fwp%2Fv2%2Fcategories&post=45720"},{"taxonomy":"post_tag","embeddable":true,"href":"https:\/\/encuentroinformativo.com.mx\/index.php?rest_route=%2Fwp%2Fv2%2Ftags&post=45720"}],"curies":[{"name":"wp","href":"https:\/\/api.w.org\/{rel}","templated":true}]}}