{"id":45723,"date":"2023-09-25T22:33:00","date_gmt":"2023-09-26T04:33:00","guid":{"rendered":"https:\/\/encuentroinformativo.com.mx\/?p=45723"},"modified":"2023-09-26T12:11:59","modified_gmt":"2023-09-26T18:11:59","slug":"secretaria-de-energia-se-registra-para-coordinar-la-4t-en-veracruz","status":"publish","type":"post","link":"https:\/\/encuentroinformativo.com.mx\/?p=45723","title":{"rendered":"Secretaria de Energ\u00eda se registra para coordinar la 4T en Veracruz"},"content":{"rendered":"\n<p><strong>Juan Arcos\u00a0<\/strong><\/p>\n\n\n\n<p>Xalapa, Ver.- La secretaria de Energ\u00eda, Roc\u00edo Nahle Garc\u00eda, acudi\u00f3 la noche de este lunes a la sede estatal del Movimiento de Regeneraci\u00f3n Nacional (Morena) para registrarse como aspirante a la Coordinaci\u00f3n de Comit\u00e9s en Defensa de la Cuarta Transformaci\u00f3n en Veracruz.<\/p>\n\n\n\n<p>Decenas de personas se concentraron afuera de las oficinas de Morena para recibirla, cerrando la calle Sim\u00f3n Bol\u00edvar, en la colonia Jos\u00e9 Cardel, en la ciudad de Xalapa, la capital del estado de Veracruz.<\/p>\n\n\n\n<p>Durante la reuni\u00f3n con integrantes del Comit\u00e9 Estatal de Morena, inform\u00f3 que su registro lo concret\u00f3 durante el transcurso de la ma\u00f1ana de este lunes; sin embargo, decidi\u00f3 presentarse en la sede morenista para dar a conocer dicha situaci\u00f3n.<\/p>\n\n\n\n<p>En entrevista previa a su encuentro, mencion\u00f3 que cumpli\u00f3 con toda la documentaci\u00f3n para posteriormente esperar los plazos y, en su momento, se d\u00e9 a conocer qui\u00e9n ser\u00e1 el coordinador o coordinadora de la 4T en Veracruz.<\/p>\n\n\n\n<p>\u201cHoy estoy notificando al Comit\u00e9 Estatal sobre la participaci\u00f3n y que me someto a la convocatoria que emiti\u00f3 Morena en tiempo y forma, cumpliendo todos los requisitos. Vamos a respetar en todo sentido la convocatoria, la l\u00ednea, la encuesta\u201d.<\/p>\n\n\n\n<p>Nahle Garc\u00eda asegur\u00f3 que Morena es un partido democr\u00e1tico, abierto e incluyente, situaci\u00f3n que influy\u00f3 en que ella tomara la decisi\u00f3n de participar en la contienda interna de Morena.<\/p>\n\n\n\n<p>\u201cEs maravilloso (el apoyo de la gente) yo les agradezco mucho a los compa\u00f1eros, esto es el movimiento, esto es Morena, esta es la cuarta transformaci\u00f3n. Estoy aqu\u00ed por amor a Veracruz\u201d.<\/p>\n\n\n\n<p>La Secretaria de Energ\u00eda dijo desconocer los motivos por los cuales sus compa\u00f1eros que aspiran a coordinar la 4T en Veracruz no acudieron personalmente al Comit\u00e9 Estatal para notificarlo a la dirigencia de su partido.<\/p>\n\n\n\n<p>\u201cNo s\u00e9, pero yo siempre que me he registrado siempre he notificado, aqu\u00ed en lasede de mi partido notifico de acuerdo a c\u00f3mo es la inscripci\u00f3n, lo hice en el 2015, lo hice en 2018, cuando me inscrib\u00ed para senadora, y hoy otra vez lo estamos haciendo, es una obligaci\u00f3n porque es mi comit\u00e9 estatal, voy a entregarles una copia de mi inscripci\u00f3n\u201d, enfatiz\u00f3.<\/p>\n\n\n\n<p><strong>SEIS REGISTROS<\/strong><\/p>\n\n\n\n<p>Hasta las nueve de la noche de este lunes, seis morenistas se han registrado como aspirantes a la Coordinaci\u00f3n de Comit\u00e9s en Defensa de la Cuarta Transformaci\u00f3n en el estado de Veracruz.<\/p>\n\n\n\n<p>Se trata del delegado de Bienestar, Manuel Huerta Ladr\u00f3n de Guevara; los diputados federales Sergio Guti\u00e9rrez Luna y Claudia Tello Espinosa; el secretario de Gobierno, Eric Patrocinio Cisneros Burgos; la directora de Planeaci\u00f3n Aduanera de la Agencia Nacional de Aduanas de M\u00e9xico, Citlalli Navarro del Rosario; y la Secretaria de Energ\u00eda.<\/p>\n\n\n\n<p>Nahle Garc\u00eda fue la \u00fanica que se present\u00f3 en el Comit\u00e9 Estatal de Morena, cuyas oficinas se encuentran en la ciudad de Xalapa, para anunciar su registro correspondiente.<\/p>\n","protected":false},"excerpt":{"rendered":"<p>Juan Arcos\u00a0 Xalapa, Ver.- La secretaria de Energ\u00eda, Roc\u00edo Nahle Garc\u00eda, acudi\u00f3 la noche de este lunes a la sede estatal del Movimiento de Regeneraci\u00f3n Nacional (Morena) para registrarse como aspirante a la Coordinaci\u00f3n de Comit\u00e9s en Defensa de la Cuarta Transformaci\u00f3n en Veracruz. Decenas de personas se concentraron afuera de las oficinas de Morena [&hellip;]<\/p>\n","protected":false},"author":2476,"featured_media":45724,"comment_status":"open","ping_status":"open","sticky":false,"template":"","format":"standard","meta":{"_jetpack_memberships_contains_paid_content":false,"footnotes":""},"categories":[2],"tags":[],"class_list":["post-45723","post","type-post","status-publish","format-standard","has-post-thumbnail","hentry","category-estado"],"jetpack_featured_media_url":"https:\/\/encuentroinformativo.com.mx\/wp-content\/uploads\/2023\/09\/3bf4a4a1-96ef-4959-b71f-85253d038bd8.jpg","jetpack_sharing_enabled":true,"jetpack_likes_enabled":true,"amp_enabled":true,"_links":{"self":[{"href":"https:\/\/encuentroinformativo.com.mx\/index.php?rest_route=\/wp\/v2\/posts\/45723","targetHints":{"allow":["GET"]}}],"collection":[{"href":"https:\/\/encuentroinformativo.com.mx\/index.php?rest_route=\/wp\/v2\/posts"}],"about":[{"href":"https:\/\/encuentroinformativo.com.mx\/index.php?rest_route=\/wp\/v2\/types\/post"}],"author":[{"embeddable":true,"href":"https:\/\/encuentroinformativo.com.mx\/index.php?rest_route=\/wp\/v2\/users\/2476"}],"replies":[{"embeddable":true,"href":"https:\/\/encuentroinformativo.com.mx\/index.php?rest_route=%2Fwp%2Fv2%2Fcomments&post=45723"}],"version-history":[{"count":1,"href":"https:\/\/encuentroinformativo.com.mx\/index.php?rest_route=\/wp\/v2\/posts\/45723\/revisions"}],"predecessor-version":[{"id":45725,"href":"https:\/\/encuentroinformativo.com.mx\/index.php?rest_route=\/wp\/v2\/posts\/45723\/revisions\/45725"}],"wp:featuredmedia":[{"embeddable":true,"href":"https:\/\/encuentroinformativo.com.mx\/index.php?rest_route=\/wp\/v2\/media\/45724"}],"wp:attachment":[{"href":"https:\/\/encuentroinformativo.com.mx\/index.php?rest_route=%2Fwp%2Fv2%2Fmedia&parent=45723"}],"wp:term":[{"taxonomy":"category","embeddable":true,"href":"https:\/\/encuentroinformativo.com.mx\/index.php?rest_route=%2Fwp%2Fv2%2Fcategories&post=45723"},{"taxonomy":"post_tag","embeddable":true,"href":"https:\/\/encuentroinformativo.com.mx\/index.php?rest_route=%2Fwp%2Fv2%2Ftags&post=45723"}],"curies":[{"name":"wp","href":"https:\/\/api.w.org\/{rel}","templated":true}]}}