{"id":45729,"date":"2023-09-26T12:32:48","date_gmt":"2023-09-26T18:32:48","guid":{"rendered":"https:\/\/encuentroinformativo.com.mx\/?p=45729"},"modified":"2023-09-26T12:32:52","modified_gmt":"2023-09-26T18:32:52","slug":"veracruz-segundo-lugar-nacional-en-exportacion-de-cafe","status":"publish","type":"post","link":"https:\/\/encuentroinformativo.com.mx\/?p=45729","title":{"rendered":"Veracruz segundo lugar nacional en exportaci\u00f3n de caf\u00e9"},"content":{"rendered":"\n<p><strong>Alejandro \u00c1vila<\/strong><\/p>\n\n\n\n<p>Boca del R\u00edo, Ver.- Solo por detr\u00e1s de Chiapas, el estado de Veracruz es el segundo exportador de caf\u00e9 en M\u00e9xico, se\u00f1al\u00f3 Gerardo Tajonar, presidente nacional de la Asociaci\u00f3n Nacional de Importadores y Exportadores de la Rep\u00fablica Mexicana (ANIERM).<\/p>\n\n\n\n<p>&#8220;De exportaci\u00f3n de caf\u00e9, recordemos que Veracruz, el 25 por ciento que exporta nuestro pa\u00eds en caf\u00e9 lo exporta esta tierra bendita, es la segunda en importancia, la primera es Chiapas con el 42 por ciento, y la segunda es Veracruz, pero aqu\u00ed naci\u00f3 el caf\u00e9, es decir las exportaciones de caf\u00e9 nacieron desde C\u00f3rdoba&#8221;, destac\u00f3.<\/p>\n\n\n\n<p>La principal exportaci\u00f3n de caf\u00e9 de M\u00e9xico se da a los pa\u00edses de Europa; Gerardo Tajonar, agreg\u00f3 que se encuentran trabajando para volver a los primeros lugares en exportaci\u00f3n de caf\u00e9.<\/p>\n\n\n\n<p>&#8220;Ahorita estamos luchando para que regresemos a los lugares que ten\u00eda nuestro pa\u00eds como principal productor de caf\u00e9 en el mundo. En 1987 \u00e9ramos el lugar cuarto, ahora somos el lugar 11. Hay muchas razones por las que sucede, el cambio clim\u00e1tico, razones biol\u00f3gicas que hay una plaga terrible, pero se est\u00e1 trabajando fuerte para que ya no sea eso es lo que detiene la productividad del caf\u00e9 en nuestro pa\u00eds&#8221;, se\u00f1al\u00f3.<\/p>\n\n\n\n<p>En cuanto a la exportaci\u00f3n, dijo que el principal producto que se maneja en ese rubro desde M\u00e9xico, es la maquiladora de veh\u00edculos y autopartes.<\/p>\n","protected":false},"excerpt":{"rendered":"<p>Alejandro \u00c1vila Boca del R\u00edo, Ver.- Solo por detr\u00e1s de Chiapas, el estado de Veracruz es el segundo exportador de caf\u00e9 en M\u00e9xico, se\u00f1al\u00f3 Gerardo Tajonar, presidente nacional de la Asociaci\u00f3n Nacional de Importadores y Exportadores de la Rep\u00fablica Mexicana (ANIERM). &#8220;De exportaci\u00f3n de caf\u00e9, recordemos que Veracruz, el 25 por ciento que exporta nuestro [&hellip;]<\/p>\n","protected":false},"author":2476,"featured_media":45730,"comment_status":"open","ping_status":"open","sticky":false,"template":"","format":"standard","meta":{"_jetpack_memberships_contains_paid_content":false,"footnotes":""},"categories":[2],"tags":[],"class_list":["post-45729","post","type-post","status-publish","format-standard","has-post-thumbnail","hentry","category-estado"],"jetpack_featured_media_url":"https:\/\/encuentroinformativo.com.mx\/wp-content\/uploads\/2023\/09\/IMG-20230926-WA0062.jpg","jetpack_sharing_enabled":true,"jetpack_likes_enabled":true,"amp_enabled":true,"_links":{"self":[{"href":"https:\/\/encuentroinformativo.com.mx\/index.php?rest_route=\/wp\/v2\/posts\/45729","targetHints":{"allow":["GET"]}}],"collection":[{"href":"https:\/\/encuentroinformativo.com.mx\/index.php?rest_route=\/wp\/v2\/posts"}],"about":[{"href":"https:\/\/encuentroinformativo.com.mx\/index.php?rest_route=\/wp\/v2\/types\/post"}],"author":[{"embeddable":true,"href":"https:\/\/encuentroinformativo.com.mx\/index.php?rest_route=\/wp\/v2\/users\/2476"}],"replies":[{"embeddable":true,"href":"https:\/\/encuentroinformativo.com.mx\/index.php?rest_route=%2Fwp%2Fv2%2Fcomments&post=45729"}],"version-history":[{"count":1,"href":"https:\/\/encuentroinformativo.com.mx\/index.php?rest_route=\/wp\/v2\/posts\/45729\/revisions"}],"predecessor-version":[{"id":45731,"href":"https:\/\/encuentroinformativo.com.mx\/index.php?rest_route=\/wp\/v2\/posts\/45729\/revisions\/45731"}],"wp:featuredmedia":[{"embeddable":true,"href":"https:\/\/encuentroinformativo.com.mx\/index.php?rest_route=\/wp\/v2\/media\/45730"}],"wp:attachment":[{"href":"https:\/\/encuentroinformativo.com.mx\/index.php?rest_route=%2Fwp%2Fv2%2Fmedia&parent=45729"}],"wp:term":[{"taxonomy":"category","embeddable":true,"href":"https:\/\/encuentroinformativo.com.mx\/index.php?rest_route=%2Fwp%2Fv2%2Fcategories&post=45729"},{"taxonomy":"post_tag","embeddable":true,"href":"https:\/\/encuentroinformativo.com.mx\/index.php?rest_route=%2Fwp%2Fv2%2Ftags&post=45729"}],"curies":[{"name":"wp","href":"https:\/\/api.w.org\/{rel}","templated":true}]}}