{"id":45738,"date":"2023-09-26T13:45:29","date_gmt":"2023-09-26T19:45:29","guid":{"rendered":"https:\/\/encuentroinformativo.com.mx\/?p=45738"},"modified":"2023-09-26T13:45:32","modified_gmt":"2023-09-26T19:45:32","slug":"mas-de-86-marcas-de-cafe-veracruzano-se-exportan-a-japon-canada-y-estados-unidos","status":"publish","type":"post","link":"https:\/\/encuentroinformativo.com.mx\/?p=45738","title":{"rendered":"M\u00e1s de 86 marcas de caf\u00e9 veracruzano se exportan a Jap\u00f3n, Canad\u00e1 y Estados Unidos"},"content":{"rendered":"\n<p><strong>Alejandro \u00c1vila<\/strong><\/p>\n\n\n\n<p>Boca del R\u00edo, Ver.- M\u00e1s de 86 marcas de caf\u00e9 veracruzano, mismas que est\u00e1n registradas en la tienda Hecho en Veracruz, ya se exportan a pa\u00edses como, Canad\u00e1 Estados Unidos y Jap\u00f3n, destac\u00f3 Joaqu\u00edn Galindo, subsecretario de Industria.<\/p>\n\n\n\n<p>A trav\u00e9s del comercio electr\u00f3nico y del programa Hecho en Veracruz Exportador, la Secretar\u00eda de Desarrollo Econ\u00f3mico y Portuario (SEDECOP) busca certificar y y validar las capacidades de exportaci\u00f3n de los productores primarios de la entidad, mediante carpetas que se puedan entregar a los potenciales compradores.<\/p>\n\n\n\n<p>&#8220;Hemos participado en alrededor de 26 convoys, que son visitas a otros pa\u00edses, donde apoyamos al productor, el productor asiste a estos eventos y se le permite conocer los mercados y conocer las necesidades del mercado al cual est\u00e1 asistiendo. Es un trabajo que no se da de la noche a la ma\u00f1ana, es un trabajo complejo porque hay que entender la cultura del otro pa\u00eds, hay que entender que compra, c\u00f3mo compra, cu\u00e1ndo lo compra, y es una parte que nosotros estamos profesionalizando todos esos productos que muy bien se hacen en Veracruz&#8221;, recalc\u00f3.<\/p>\n\n\n\n<p>Joaqu\u00edn Galindo mencion\u00f3 que se busca ampliar m\u00e1s la exportaci\u00f3n en el mercado de los Estados Unidos; para ello se busca transmitir el conocimiento en los procesos de exportaci\u00f3n.<\/p>\n\n\n\n<p>&#8220;Se empieza desde el precio, desde que tengo que cumplir, que documentos tengo que llevar, c\u00f3mo debo de empacar mi producto, qu\u00e9 certificaci\u00f3n me va a pedir el otro mercado, c\u00f3mo lo debo de entregar, d\u00f3nde lo debo de entregar. Entonces, esto es lo que hemos venido trabajando con ellos, explicarles toda la cadena de exportaci\u00f3n, cu\u00e1l es el rol que tienen las aduanas, cu\u00e1l es el rol que tiene un agente aduanal, c\u00f3mo opera la ventanilla \u00fanica de comercio exterior, culmin\u00f3.<\/p>\n","protected":false},"excerpt":{"rendered":"<p>Alejandro \u00c1vila Boca del R\u00edo, Ver.- M\u00e1s de 86 marcas de caf\u00e9 veracruzano, mismas que est\u00e1n registradas en la tienda Hecho en Veracruz, ya se exportan a pa\u00edses como, Canad\u00e1 Estados Unidos y Jap\u00f3n, destac\u00f3 Joaqu\u00edn Galindo, subsecretario de Industria. A trav\u00e9s del comercio electr\u00f3nico y del programa Hecho en Veracruz Exportador, la Secretar\u00eda de [&hellip;]<\/p>\n","protected":false},"author":2476,"featured_media":45739,"comment_status":"open","ping_status":"open","sticky":false,"template":"","format":"standard","meta":{"_jetpack_memberships_contains_paid_content":false,"footnotes":""},"categories":[2],"tags":[],"class_list":["post-45738","post","type-post","status-publish","format-standard","has-post-thumbnail","hentry","category-estado"],"jetpack_featured_media_url":"https:\/\/encuentroinformativo.com.mx\/wp-content\/uploads\/2023\/09\/IMG-20230926-WA00782.jpg","jetpack_sharing_enabled":true,"jetpack_likes_enabled":true,"amp_enabled":true,"_links":{"self":[{"href":"https:\/\/encuentroinformativo.com.mx\/index.php?rest_route=\/wp\/v2\/posts\/45738","targetHints":{"allow":["GET"]}}],"collection":[{"href":"https:\/\/encuentroinformativo.com.mx\/index.php?rest_route=\/wp\/v2\/posts"}],"about":[{"href":"https:\/\/encuentroinformativo.com.mx\/index.php?rest_route=\/wp\/v2\/types\/post"}],"author":[{"embeddable":true,"href":"https:\/\/encuentroinformativo.com.mx\/index.php?rest_route=\/wp\/v2\/users\/2476"}],"replies":[{"embeddable":true,"href":"https:\/\/encuentroinformativo.com.mx\/index.php?rest_route=%2Fwp%2Fv2%2Fcomments&post=45738"}],"version-history":[{"count":1,"href":"https:\/\/encuentroinformativo.com.mx\/index.php?rest_route=\/wp\/v2\/posts\/45738\/revisions"}],"predecessor-version":[{"id":45740,"href":"https:\/\/encuentroinformativo.com.mx\/index.php?rest_route=\/wp\/v2\/posts\/45738\/revisions\/45740"}],"wp:featuredmedia":[{"embeddable":true,"href":"https:\/\/encuentroinformativo.com.mx\/index.php?rest_route=\/wp\/v2\/media\/45739"}],"wp:attachment":[{"href":"https:\/\/encuentroinformativo.com.mx\/index.php?rest_route=%2Fwp%2Fv2%2Fmedia&parent=45738"}],"wp:term":[{"taxonomy":"category","embeddable":true,"href":"https:\/\/encuentroinformativo.com.mx\/index.php?rest_route=%2Fwp%2Fv2%2Fcategories&post=45738"},{"taxonomy":"post_tag","embeddable":true,"href":"https:\/\/encuentroinformativo.com.mx\/index.php?rest_route=%2Fwp%2Fv2%2Ftags&post=45738"}],"curies":[{"name":"wp","href":"https:\/\/api.w.org\/{rel}","templated":true}]}}