{"id":45741,"date":"2023-09-26T13:47:55","date_gmt":"2023-09-26T19:47:55","guid":{"rendered":"https:\/\/encuentroinformativo.com.mx\/?p=45741"},"modified":"2023-09-26T13:47:59","modified_gmt":"2023-09-26T19:47:59","slug":"a-nivel-nacional-se-roban-45-camiones-de-carga-diariamente-canacar","status":"publish","type":"post","link":"https:\/\/encuentroinformativo.com.mx\/?p=45741","title":{"rendered":"A nivel nacional se roban 45 camiones de carga diariamente: CANACAR"},"content":{"rendered":"\n<p><strong>Alejandro \u00c1vila<\/strong><\/p>\n\n\n\n<p>Boca del R\u00edo, Ver.- La C\u00e1mara Nacional de Autotransporte de Carga (CANACAR) tuvo una reuni\u00f3n nacional este lunes 25 de septiembre en la Ciudad de M\u00e9xico, donde se report\u00f3 que 45 camiones de transporte son robados diariamente en el pa\u00eds, inform\u00f3, Luis Ex\u00f3me Zapata.<\/p>\n\n\n\n<p>&#8220;Ayer tuvimos una reuni\u00f3n en la Ciudad de M\u00e9xico tambi\u00e9n en CANACAR, y el dato son 45 robos diarios en toda la rep\u00fablica. Ese es el dato que te puedo dar de ayer, una presentaci\u00f3n que tuvimos, 45 robos diarios de camiones en toda la rep\u00fablica&#8221;, remarc\u00f3.<\/p>\n\n\n\n<p>El empresario reconoci\u00f3 que hace algunos a\u00f1os, Veracruz, Puebla y Tlaxcala, eran los estados donde m\u00e1s robo de veh\u00edculos de autotransporte hab\u00eda.<\/p>\n\n\n\n<p>&#8220;Sin embargo, ya Veracruz no es la noticia ni Puebla, ahora ya el tema est\u00e1 en Guanajuato, en Michoac\u00e1n, en San Luis Potos\u00ed, Zacatecas inclusive, eran temas que antes no sal\u00edan, no estaban en el top de las partes m\u00e1s robadas, sin embargo, hoy te puedo decir que ese corredor que hay desde la zona del Baj\u00edo, Veracruz inclusive y ya subiendo hasta Nuevo Le\u00f3n, y adem\u00e1s es un corredor industrial de movimiento de mercanc\u00eda, de armadoras de autos que van y vienen, en esa zona es donde se est\u00e1n presentando la mayor cantidad de robos a los camiones&#8221;, enfatiz\u00f3.<\/p>\n","protected":false},"excerpt":{"rendered":"<p>Alejandro \u00c1vila Boca del R\u00edo, Ver.- La C\u00e1mara Nacional de Autotransporte de Carga (CANACAR) tuvo una reuni\u00f3n nacional este lunes 25 de septiembre en la Ciudad de M\u00e9xico, donde se report\u00f3 que 45 camiones de transporte son robados diariamente en el pa\u00eds, inform\u00f3, Luis Ex\u00f3me Zapata. &#8220;Ayer tuvimos una reuni\u00f3n en la Ciudad de M\u00e9xico [&hellip;]<\/p>\n","protected":false},"author":2476,"featured_media":45742,"comment_status":"open","ping_status":"open","sticky":false,"template":"","format":"standard","meta":{"_jetpack_memberships_contains_paid_content":false,"footnotes":""},"categories":[2],"tags":[],"class_list":["post-45741","post","type-post","status-publish","format-standard","has-post-thumbnail","hentry","category-estado"],"jetpack_featured_media_url":"https:\/\/encuentroinformativo.com.mx\/wp-content\/uploads\/2023\/09\/IMG-20230926-WA0082.jpg","jetpack_sharing_enabled":true,"jetpack_likes_enabled":true,"amp_enabled":true,"_links":{"self":[{"href":"https:\/\/encuentroinformativo.com.mx\/index.php?rest_route=\/wp\/v2\/posts\/45741","targetHints":{"allow":["GET"]}}],"collection":[{"href":"https:\/\/encuentroinformativo.com.mx\/index.php?rest_route=\/wp\/v2\/posts"}],"about":[{"href":"https:\/\/encuentroinformativo.com.mx\/index.php?rest_route=\/wp\/v2\/types\/post"}],"author":[{"embeddable":true,"href":"https:\/\/encuentroinformativo.com.mx\/index.php?rest_route=\/wp\/v2\/users\/2476"}],"replies":[{"embeddable":true,"href":"https:\/\/encuentroinformativo.com.mx\/index.php?rest_route=%2Fwp%2Fv2%2Fcomments&post=45741"}],"version-history":[{"count":1,"href":"https:\/\/encuentroinformativo.com.mx\/index.php?rest_route=\/wp\/v2\/posts\/45741\/revisions"}],"predecessor-version":[{"id":45743,"href":"https:\/\/encuentroinformativo.com.mx\/index.php?rest_route=\/wp\/v2\/posts\/45741\/revisions\/45743"}],"wp:featuredmedia":[{"embeddable":true,"href":"https:\/\/encuentroinformativo.com.mx\/index.php?rest_route=\/wp\/v2\/media\/45742"}],"wp:attachment":[{"href":"https:\/\/encuentroinformativo.com.mx\/index.php?rest_route=%2Fwp%2Fv2%2Fmedia&parent=45741"}],"wp:term":[{"taxonomy":"category","embeddable":true,"href":"https:\/\/encuentroinformativo.com.mx\/index.php?rest_route=%2Fwp%2Fv2%2Fcategories&post=45741"},{"taxonomy":"post_tag","embeddable":true,"href":"https:\/\/encuentroinformativo.com.mx\/index.php?rest_route=%2Fwp%2Fv2%2Ftags&post=45741"}],"curies":[{"name":"wp","href":"https:\/\/api.w.org\/{rel}","templated":true}]}}