{"id":45751,"date":"2023-09-26T16:58:49","date_gmt":"2023-09-26T22:58:49","guid":{"rendered":"https:\/\/encuentroinformativo.com.mx\/?p=45751"},"modified":"2023-09-26T16:58:53","modified_gmt":"2023-09-26T22:58:53","slug":"ocupa-veracruz-altos-indices-de-victimas-de-trata","status":"publish","type":"post","link":"https:\/\/encuentroinformativo.com.mx\/?p=45751","title":{"rendered":"Ocupa Veracruz altos \u00edndices de v\u00edctimas de trata"},"content":{"rendered":"\n<p><strong>Juan Arcos <\/strong><\/p>\n\n\n\n<p>Xalapa, Ver.- Veracruz se encuentra entre los cinco estados de la Rep\u00fablica Mexicana con m\u00e1s v\u00edctimas de trata con fines sexuales.<\/p>\n\n\n\n<p>De acuerdo con la Brigada Callejera de Apoyo a la Mujer \u201cElisa Mart\u00ednez&#8221;, esto ocurre tambi\u00e9n en los estados de Puebla, Tlaxcala, Chiapas y Oaxaca.<\/p>\n\n\n\n<p>En el marco del D\u00eda Internacional Contra la Explotaci\u00f3n Sexual y el Tr\u00e1fico de Mujeres, Ni\u00f1as y Ni\u00f1os, que se conmemora cada 23 de septiembre, la organizaci\u00f3n mencionada hizo un estudio y confirm\u00f3 que cerca del 70 por ciento de las 15 mil trabajadoras sexuales encuestadas en todos el pa\u00eds fue v\u00edctima de trata con fines sexuales.<\/p>\n\n\n\n<p>La agrupaci\u00f3n sostiene que la mayor\u00eda de las mujeres que padecieron ese delito provienen de las cinco entidades federativas mencionadas.<\/p>\n\n\n\n<p>Se habla de que las mujeres fueron atra\u00eddas mediante enga\u00f1os con supuestas ofertas laborales. Algunas tambi\u00e9n fueron enganchadas a trav\u00e9s de las redes sociales.<\/p>\n\n\n\n<p>El estado de Veracruz no presenta casos de trata de personas durante este a\u00f1o, seg\u00fan cifras oficiales.<br>El Observatorio Ciudadano del Instituto de Gesti\u00f3n, Administraci\u00f3n y Vinculaci\u00f3n Municipal (IGAVIM) revel\u00f3 que durante el primer semestre del a\u00f1o no se present\u00f3 ning\u00fan denuncia en el Fiscal\u00eda General del Estado (FGE) por este delito.<\/p>\n\n\n\n<p>Sin embargo, en el primer semestre del a\u00f1o 2022 se contabilizaron dos casos de trata de personas en la entidad. El IGAVIM realiz\u00f3 una comparativa y determin\u00f3 que estos casos bajaron 100 por ciento en comparaci\u00f3n con el a\u00f1o anterior.<\/p>\n","protected":false},"excerpt":{"rendered":"<p>Juan Arcos Xalapa, Ver.- Veracruz se encuentra entre los cinco estados de la Rep\u00fablica Mexicana con m\u00e1s v\u00edctimas de trata con fines sexuales. De acuerdo con la Brigada Callejera de Apoyo a la Mujer \u201cElisa Mart\u00ednez&#8221;, esto ocurre tambi\u00e9n en los estados de Puebla, Tlaxcala, Chiapas y Oaxaca. En el marco del D\u00eda Internacional Contra [&hellip;]<\/p>\n","protected":false},"author":2476,"featured_media":45752,"comment_status":"open","ping_status":"open","sticky":false,"template":"","format":"standard","meta":{"_jetpack_memberships_contains_paid_content":false,"footnotes":""},"categories":[2],"tags":[],"class_list":["post-45751","post","type-post","status-publish","format-standard","has-post-thumbnail","hentry","category-estado"],"jetpack_featured_media_url":"https:\/\/encuentroinformativo.com.mx\/wp-content\/uploads\/2023\/09\/IMG_5972.jpg","jetpack_sharing_enabled":true,"jetpack_likes_enabled":true,"amp_enabled":true,"_links":{"self":[{"href":"https:\/\/encuentroinformativo.com.mx\/index.php?rest_route=\/wp\/v2\/posts\/45751","targetHints":{"allow":["GET"]}}],"collection":[{"href":"https:\/\/encuentroinformativo.com.mx\/index.php?rest_route=\/wp\/v2\/posts"}],"about":[{"href":"https:\/\/encuentroinformativo.com.mx\/index.php?rest_route=\/wp\/v2\/types\/post"}],"author":[{"embeddable":true,"href":"https:\/\/encuentroinformativo.com.mx\/index.php?rest_route=\/wp\/v2\/users\/2476"}],"replies":[{"embeddable":true,"href":"https:\/\/encuentroinformativo.com.mx\/index.php?rest_route=%2Fwp%2Fv2%2Fcomments&post=45751"}],"version-history":[{"count":1,"href":"https:\/\/encuentroinformativo.com.mx\/index.php?rest_route=\/wp\/v2\/posts\/45751\/revisions"}],"predecessor-version":[{"id":45753,"href":"https:\/\/encuentroinformativo.com.mx\/index.php?rest_route=\/wp\/v2\/posts\/45751\/revisions\/45753"}],"wp:featuredmedia":[{"embeddable":true,"href":"https:\/\/encuentroinformativo.com.mx\/index.php?rest_route=\/wp\/v2\/media\/45752"}],"wp:attachment":[{"href":"https:\/\/encuentroinformativo.com.mx\/index.php?rest_route=%2Fwp%2Fv2%2Fmedia&parent=45751"}],"wp:term":[{"taxonomy":"category","embeddable":true,"href":"https:\/\/encuentroinformativo.com.mx\/index.php?rest_route=%2Fwp%2Fv2%2Fcategories&post=45751"},{"taxonomy":"post_tag","embeddable":true,"href":"https:\/\/encuentroinformativo.com.mx\/index.php?rest_route=%2Fwp%2Fv2%2Ftags&post=45751"}],"curies":[{"name":"wp","href":"https:\/\/api.w.org\/{rel}","templated":true}]}}