{"id":45754,"date":"2023-09-26T17:09:04","date_gmt":"2023-09-26T23:09:04","guid":{"rendered":"https:\/\/encuentroinformativo.com.mx\/?p=45754"},"modified":"2023-09-26T17:09:07","modified_gmt":"2023-09-26T23:09:07","slug":"esperan-derrama-de-30-mdp-por-fiestas-civicas-de-coscomatepec","status":"publish","type":"post","link":"https:\/\/encuentroinformativo.com.mx\/?p=45754","title":{"rendered":"Esperan derrama de 30 mdp por fiestas c\u00edvicas de Coscomatepec"},"content":{"rendered":"\n<p><strong>Juan Arcos <\/strong><\/p>\n\n\n\n<p>Xalapa, Ver.- Se espera la llegada de 150 mil visitantes y una derrama econ\u00f3mica de hasta 30 millones de pesos durante la Fiesta C\u00edvica de Coscomatepec \u201cRuptura de Sitio\u201d, que se llevar\u00e1 a cabo del 30 de septiembre al 4 de octubre en este Pueblo M\u00e1gico.<\/p>\n\n\n\n<p>En conferencia de prensa, realizada en Xalapa, el alcalde de Coscomatepec, Jos\u00e9 Luis Alonso Ju\u00e1rez, inform\u00f3 que habr\u00e1 diversas actividades como una cabalgata en esta regi\u00f3n de las Altas Monta\u00f1as, una puesta en escena monumental y conciertos.<\/p>\n\n\n\n<p>Acompa\u00f1ado del titular de la Secretar\u00eda de Turismo y Cultura (Sectur), Iv\u00e1n Francisco Mart\u00ednez Olvera, el funcionario municipal detall\u00f3 que habr\u00e1 un baile popular conRayito Colombiano, Los Titanes de Durango y El Mimoso el pr\u00f3ximo 30 de septiembre.<\/p>\n\n\n\n<p>Adem\u00e1s, durante el domingo se llevar\u00e1 a cabo una cabalgata con m\u00e1s de mil jinetes de la regi\u00f3n de Altas Monta\u00f1as y visitantes de otras entidades del pa\u00eds.<\/p>\n\n\n\n<p>El Alcalde de Coscomatepec revel\u00f3 que se contrat\u00f3 seguridad privada para el evento, pero adem\u00e1s se contar\u00e1 con la presencia de elementos de la Secretar\u00eda de Marina-Armada de M\u00e9xico (Semar), Guardia Nacional (GN) y Fuerza Civil.<\/p>\n\n\n\n<p>\u201cCon otros municipios de la zona siempre hemos trabajado de manera conjunta en materia de seguridad, nos apoyamos mutuamente, contamos con bastante seguridad\u201d.<\/p>\n\n\n\n<p>Coscomatepec de Bravo tiene una historia que se remonta a tiempos prehisp\u00e1nicos pues el territorio fue ocupado por ind\u00edgenas totonacos originarios de Puebla: los cucutochcas.<\/p>\n\n\n\n<p>Tras la llegada de los conquistadores espa\u00f1oles, en 1597, fue designada como cabecera, desarroll\u00e1ndose r\u00e1pidamente la ganader\u00eda y el comercio.<\/p>\n\n\n\n<p>En 1813, la localidad vivi\u00f3 un importante episodio durante la Guerra de Independencia; el General Nicol\u00e1s Bravo y 600 insurgentes lograron romper el sitio de 33 d\u00edas que sufr\u00eda el pueblo, saliendo sigilosamente con destino a San Antonio Huatusco y dejando dislocado al ej\u00e9rcito realista.<\/p>\n\n\n\n<p>Desde entonces los lugares celebran la \u201cRuptura del Sitio\u201d con un evento tur\u00edstico que adem\u00e1s genera una importante derrama econ\u00f3mica en la zona.<\/p>\n","protected":false},"excerpt":{"rendered":"<p>Juan Arcos Xalapa, Ver.- Se espera la llegada de 150 mil visitantes y una derrama econ\u00f3mica de hasta 30 millones de pesos durante la Fiesta C\u00edvica de Coscomatepec \u201cRuptura de Sitio\u201d, que se llevar\u00e1 a cabo del 30 de septiembre al 4 de octubre en este Pueblo M\u00e1gico. En conferencia de prensa, realizada en Xalapa, [&hellip;]<\/p>\n","protected":false},"author":2476,"featured_media":45755,"comment_status":"open","ping_status":"open","sticky":false,"template":"","format":"standard","meta":{"_jetpack_memberships_contains_paid_content":false,"footnotes":""},"categories":[19],"tags":[],"class_list":["post-45754","post","type-post","status-publish","format-standard","has-post-thumbnail","hentry","category-fashion"],"jetpack_featured_media_url":"https:\/\/encuentroinformativo.com.mx\/wp-content\/uploads\/2023\/09\/IMG_61552.jpg","jetpack_sharing_enabled":true,"jetpack_likes_enabled":true,"amp_enabled":true,"_links":{"self":[{"href":"https:\/\/encuentroinformativo.com.mx\/index.php?rest_route=\/wp\/v2\/posts\/45754","targetHints":{"allow":["GET"]}}],"collection":[{"href":"https:\/\/encuentroinformativo.com.mx\/index.php?rest_route=\/wp\/v2\/posts"}],"about":[{"href":"https:\/\/encuentroinformativo.com.mx\/index.php?rest_route=\/wp\/v2\/types\/post"}],"author":[{"embeddable":true,"href":"https:\/\/encuentroinformativo.com.mx\/index.php?rest_route=\/wp\/v2\/users\/2476"}],"replies":[{"embeddable":true,"href":"https:\/\/encuentroinformativo.com.mx\/index.php?rest_route=%2Fwp%2Fv2%2Fcomments&post=45754"}],"version-history":[{"count":1,"href":"https:\/\/encuentroinformativo.com.mx\/index.php?rest_route=\/wp\/v2\/posts\/45754\/revisions"}],"predecessor-version":[{"id":45756,"href":"https:\/\/encuentroinformativo.com.mx\/index.php?rest_route=\/wp\/v2\/posts\/45754\/revisions\/45756"}],"wp:featuredmedia":[{"embeddable":true,"href":"https:\/\/encuentroinformativo.com.mx\/index.php?rest_route=\/wp\/v2\/media\/45755"}],"wp:attachment":[{"href":"https:\/\/encuentroinformativo.com.mx\/index.php?rest_route=%2Fwp%2Fv2%2Fmedia&parent=45754"}],"wp:term":[{"taxonomy":"category","embeddable":true,"href":"https:\/\/encuentroinformativo.com.mx\/index.php?rest_route=%2Fwp%2Fv2%2Fcategories&post=45754"},{"taxonomy":"post_tag","embeddable":true,"href":"https:\/\/encuentroinformativo.com.mx\/index.php?rest_route=%2Fwp%2Fv2%2Ftags&post=45754"}],"curies":[{"name":"wp","href":"https:\/\/api.w.org\/{rel}","templated":true}]}}