{"id":45757,"date":"2023-09-26T17:14:15","date_gmt":"2023-09-26T23:14:15","guid":{"rendered":"https:\/\/encuentroinformativo.com.mx\/?p=45757"},"modified":"2023-09-26T17:14:19","modified_gmt":"2023-09-26T23:14:19","slug":"destituyen-a-joana-marlen-en-el-poder-judicial","status":"publish","type":"post","link":"https:\/\/encuentroinformativo.com.mx\/?p=45757","title":{"rendered":"Destituyen a Joana Marlen en el Poder Judicial"},"content":{"rendered":"\n<p><strong>Dar\u00edo Pale <\/strong><\/p>\n\n\n\n<p>Xalapa, Ver.- Este d\u00eda fue destituida quien fuera la administradora del Poder Judicial de Veracruz Joana Marlen Bautista Flores fue cesada de su cargo, extraoficialmente se comenta que fue por actos de corrupci\u00f3n.<\/p>\n\n\n\n<p>La tarde de este martes se confirm\u00f3 la salida de quien fuera la directora de administraci\u00f3n del Poder Judicial del Estado de Veracruz lo cual se da en medio grandes pol\u00e9micas por derroches de dinero.<\/p>\n\n\n\n<p>Esto se presenta despu\u00e9s de que fueron destituidos tambi\u00e9n dos colaboradores cercanos Elvis Viveros Arroyo quien se desempe\u00f1aba como jefe de recursos generales y Ofir Ali Guti\u00e9rrez Ponce, subdirector de Recursos Materiales.<\/p>\n\n\n\n<p>Se comentaba que ella era una colaboradora muy cercana al gobernador del estado Cuitl\u00e1huac Garc\u00eda Jim\u00e9nez y a su primo el subsecretario de finanzas Eleazar Guerrero Perez.<\/p>\n\n\n\n<p>De manera extraoficial se comenta pudo haber sido por realizar actos de proselitismo durante su administraci\u00f3n en favor de Morena, adem\u00e1s que la noche de este 25 de septiembre acudi\u00f3 a acompa\u00f1ar al registro de la a\u00fan secretaria de energ\u00eda Roc\u00edo Nahle Garc\u00eda como aspirante a coordinar los trabajos de la 4T en el estado.<\/p>\n\n\n\n<p>Ella se desempe\u00f1aba como directora general de administraci\u00f3n del poder judicial desde el pasado 6 de agosto del 2020, y anteriormente fue secretaria particular del actual subsecretario de administraci\u00f3n y presupuesto Eleazar Guerrero P\u00e9rez, primo del gobernador Cuitl\u00e1huac Garc\u00eda Jim\u00e9nez.<\/p>\n\n\n\n<p>Por \u00faltimo cabe se\u00f1alar que se dice que ella desde 85 mil hasta los 270 mil pesos entre los meses de agosto a diciembre del a\u00f1o 2020, y que seg\u00fan para el 2021 su salario m\u00e1ximo fue de 181 mil pesos.<\/p>\n","protected":false},"excerpt":{"rendered":"<p>Dar\u00edo Pale Xalapa, Ver.- Este d\u00eda fue destituida quien fuera la administradora del Poder Judicial de Veracruz Joana Marlen Bautista Flores fue cesada de su cargo, extraoficialmente se comenta que fue por actos de corrupci\u00f3n. La tarde de este martes se confirm\u00f3 la salida de quien fuera la directora de administraci\u00f3n del Poder Judicial del [&hellip;]<\/p>\n","protected":false},"author":2476,"featured_media":45758,"comment_status":"open","ping_status":"open","sticky":false,"template":"","format":"standard","meta":{"_jetpack_memberships_contains_paid_content":false,"footnotes":""},"categories":[2],"tags":[],"class_list":["post-45757","post","type-post","status-publish","format-standard","has-post-thumbnail","hentry","category-estado"],"jetpack_featured_media_url":"https:\/\/encuentroinformativo.com.mx\/wp-content\/uploads\/2023\/09\/IMG-20230926-WA0129.jpg","jetpack_sharing_enabled":true,"jetpack_likes_enabled":true,"amp_enabled":true,"_links":{"self":[{"href":"https:\/\/encuentroinformativo.com.mx\/index.php?rest_route=\/wp\/v2\/posts\/45757","targetHints":{"allow":["GET"]}}],"collection":[{"href":"https:\/\/encuentroinformativo.com.mx\/index.php?rest_route=\/wp\/v2\/posts"}],"about":[{"href":"https:\/\/encuentroinformativo.com.mx\/index.php?rest_route=\/wp\/v2\/types\/post"}],"author":[{"embeddable":true,"href":"https:\/\/encuentroinformativo.com.mx\/index.php?rest_route=\/wp\/v2\/users\/2476"}],"replies":[{"embeddable":true,"href":"https:\/\/encuentroinformativo.com.mx\/index.php?rest_route=%2Fwp%2Fv2%2Fcomments&post=45757"}],"version-history":[{"count":1,"href":"https:\/\/encuentroinformativo.com.mx\/index.php?rest_route=\/wp\/v2\/posts\/45757\/revisions"}],"predecessor-version":[{"id":45759,"href":"https:\/\/encuentroinformativo.com.mx\/index.php?rest_route=\/wp\/v2\/posts\/45757\/revisions\/45759"}],"wp:featuredmedia":[{"embeddable":true,"href":"https:\/\/encuentroinformativo.com.mx\/index.php?rest_route=\/wp\/v2\/media\/45758"}],"wp:attachment":[{"href":"https:\/\/encuentroinformativo.com.mx\/index.php?rest_route=%2Fwp%2Fv2%2Fmedia&parent=45757"}],"wp:term":[{"taxonomy":"category","embeddable":true,"href":"https:\/\/encuentroinformativo.com.mx\/index.php?rest_route=%2Fwp%2Fv2%2Fcategories&post=45757"},{"taxonomy":"post_tag","embeddable":true,"href":"https:\/\/encuentroinformativo.com.mx\/index.php?rest_route=%2Fwp%2Fv2%2Ftags&post=45757"}],"curies":[{"name":"wp","href":"https:\/\/api.w.org\/{rel}","templated":true}]}}