{"id":45763,"date":"2023-09-26T18:10:52","date_gmt":"2023-09-27T00:10:52","guid":{"rendered":"https:\/\/encuentroinformativo.com.mx\/?p=45763"},"modified":"2023-09-26T18:10:57","modified_gmt":"2023-09-27T00:10:57","slug":"lleva-ivai-jornada-de-capacitacion-a-escuela-primaria-de-acajete","status":"publish","type":"post","link":"https:\/\/encuentroinformativo.com.mx\/?p=45763","title":{"rendered":"Lleva IVAI jornada de capacitaci\u00f3n a escuela primaria de Acajete"},"content":{"rendered":"\n<p><strong>*Comisionado Presidente David Agust\u00edn Jim\u00e9nez Rojas encabez\u00f3 la jornada \u201cProyecto Lentes\u201d<\/strong>.<\/p>\n\n\n\n<p>Acajete, Ver.- La ma\u00f1ana de este martes el Comisionado Presidente del Instituto Veracruzano de Acceso a la Informaci\u00f3n y Protecci\u00f3n de Datos Personales, David Agust\u00edn Jim\u00e9nez Rojas, presidi\u00f3 la jornada del \u201cProyecto Lentes\u201d, en la escuela primaria \u2018Jos\u00e9 Mar\u00eda Morelos y Pav\u00f3n\u201d, de Acajete, Veracruz.<\/p>\n\n\n\n<p>El Comisionado Presidente agradeci\u00f3 a las y los maestros de la primaria, as\u00ed como del Ayuntamiento de Acajete, el apoyo para la realizaci\u00f3n de este proyecto y la capacitaci\u00f3n brindada.<\/p>\n\n\n\n<p>Mediante cuentos, juegos y dibujos creamos conciencia en ni\u00f1os y ni\u00f1as sobre la importancia de cuidar sus datos personales al hacer uso de aplicaciones digitales o redes sociales.<\/p>\n\n\n\n<p>En este sentido, la Directora del \u00c1rea de Transparencia del IVAI, Ileana Maga\u00f1a, as\u00ed como Katya Libreros Cruz y Lessli Montero Fonseca, interactuaron con los alumnos de la primaria, y a trav\u00e9s de lecturas educativas y actividades l\u00fadicas se les ense\u00f1a a proteger su privacidad y se procuran entornos seguros para la ni\u00f1ez.<\/p>\n\n\n\n<p>Al finalizar el evento se brind\u00f3 la capacitaci\u00f3n al funcionariado del Ayuntamiento de Acajete con el tema: \u201cPrincipios, Deberes, Derechos y Obligaciones en materia de Datos Personales\u201d, impartido por la licenciada Ang\u00e9lica P\u00e9rez Salas, Directora de Datos Personales de este \u00d3rgano Garante.<\/p>\n\n\n\n<p>Estuvieron presentes la Comisionada del IVAI, Naldy Patricia Rodr\u00edguez Lagunes; por parte del Ayuntamiento de Acajete, la S\u00edndica, Martha Roc\u00edo Morales Guzm\u00e1n, la Regidora, Liliana Itzhel Aburto Hern\u00e1ndez, el Titular de la Unidad de Transparencia, Luis Alba S\u00e1nchez, la directora de Educaci\u00f3n, X\u00f3chitl Marisol Alarc\u00f3n Mart\u00ednez, as\u00ed como la maestra Adela Landa S\u00e1nchez, en representaci\u00f3n de la maestra Maira Azucena Garc\u00eda Morales, Directora de la escuela primaria \u201cJos\u00e9 Mar\u00eda Morelos y Pav\u00f3n\u201d.<\/p>\n","protected":false},"excerpt":{"rendered":"<p>*Comisionado Presidente David Agust\u00edn Jim\u00e9nez Rojas encabez\u00f3 la jornada \u201cProyecto Lentes\u201d. Acajete, Ver.- La ma\u00f1ana de este martes el Comisionado Presidente del Instituto Veracruzano de Acceso a la Informaci\u00f3n y Protecci\u00f3n de Datos Personales, David Agust\u00edn Jim\u00e9nez Rojas, presidi\u00f3 la jornada del \u201cProyecto Lentes\u201d, en la escuela primaria \u2018Jos\u00e9 Mar\u00eda Morelos y Pav\u00f3n\u201d, de Acajete, [&hellip;]<\/p>\n","protected":false},"author":2476,"featured_media":45764,"comment_status":"open","ping_status":"open","sticky":false,"template":"","format":"standard","meta":{"_jetpack_memberships_contains_paid_content":false,"footnotes":""},"categories":[2],"tags":[],"class_list":["post-45763","post","type-post","status-publish","format-standard","has-post-thumbnail","hentry","category-estado"],"jetpack_featured_media_url":"https:\/\/encuentroinformativo.com.mx\/wp-content\/uploads\/2023\/09\/IMG-20230926-WA0137.jpg","jetpack_sharing_enabled":true,"jetpack_likes_enabled":true,"amp_enabled":true,"_links":{"self":[{"href":"https:\/\/encuentroinformativo.com.mx\/index.php?rest_route=\/wp\/v2\/posts\/45763","targetHints":{"allow":["GET"]}}],"collection":[{"href":"https:\/\/encuentroinformativo.com.mx\/index.php?rest_route=\/wp\/v2\/posts"}],"about":[{"href":"https:\/\/encuentroinformativo.com.mx\/index.php?rest_route=\/wp\/v2\/types\/post"}],"author":[{"embeddable":true,"href":"https:\/\/encuentroinformativo.com.mx\/index.php?rest_route=\/wp\/v2\/users\/2476"}],"replies":[{"embeddable":true,"href":"https:\/\/encuentroinformativo.com.mx\/index.php?rest_route=%2Fwp%2Fv2%2Fcomments&post=45763"}],"version-history":[{"count":1,"href":"https:\/\/encuentroinformativo.com.mx\/index.php?rest_route=\/wp\/v2\/posts\/45763\/revisions"}],"predecessor-version":[{"id":45765,"href":"https:\/\/encuentroinformativo.com.mx\/index.php?rest_route=\/wp\/v2\/posts\/45763\/revisions\/45765"}],"wp:featuredmedia":[{"embeddable":true,"href":"https:\/\/encuentroinformativo.com.mx\/index.php?rest_route=\/wp\/v2\/media\/45764"}],"wp:attachment":[{"href":"https:\/\/encuentroinformativo.com.mx\/index.php?rest_route=%2Fwp%2Fv2%2Fmedia&parent=45763"}],"wp:term":[{"taxonomy":"category","embeddable":true,"href":"https:\/\/encuentroinformativo.com.mx\/index.php?rest_route=%2Fwp%2Fv2%2Fcategories&post=45763"},{"taxonomy":"post_tag","embeddable":true,"href":"https:\/\/encuentroinformativo.com.mx\/index.php?rest_route=%2Fwp%2Fv2%2Ftags&post=45763"}],"curies":[{"name":"wp","href":"https:\/\/api.w.org\/{rel}","templated":true}]}}