{"id":45771,"date":"2023-09-27T10:52:03","date_gmt":"2023-09-27T16:52:03","guid":{"rendered":"https:\/\/encuentroinformativo.com.mx\/?p=45771"},"modified":"2023-09-27T10:52:06","modified_gmt":"2023-09-27T16:52:06","slug":"esperan-hoteleros-repunte-de-reservaciones-cometur","status":"publish","type":"post","link":"https:\/\/encuentroinformativo.com.mx\/?p=45771","title":{"rendered":"Esperan hoteleros repunte de reservaciones: COMETUR"},"content":{"rendered":"\n<p><strong>Alejandro \u00c1vila<\/strong><\/p>\n\n\n\n<p>Veracruz, Ver.- Durante la primera semana del mes de octubre se vislumbra un repunte considerable en las reservaciones hoteleras, gracias a dos eventos que atraer\u00e1n turismo nacional, mencion\u00f3 el presidente del Consejo Metropolitano de Turismo (COMETUR), Sergio Lois Heredia.<\/p>\n\n\n\n<p>Hist\u00f3ricamente el mes de septiembre es uno de los m\u00e1s bajos para el sector hotelero, y en el 2023 no fue la excepci\u00f3n se\u00f1al\u00f3 el empresario; el mes patrio es considerado temporada baja, incluso hasta de crisis.<\/p>\n\n\n\n<p>&#8220;Y ahora en octubre, al parecer la primera semana de octubre podr\u00edamos estar teniendo un repunte, por ah\u00ed viene una Expo que a\u00f1o con a\u00f1o se hace aqu\u00ed en la zona de Veracruz &#8211; Boca del R\u00edo, el a\u00f1o pasado trajo mucha afluencia tur\u00edstica en espec\u00edfico esa, vamos a ver este a\u00f1o como est\u00e1, tenemos que estar observando las reservaciones, y se conjunta este tema que creo que puede llegar a ser un complemento de actividades o de cosas que hacer en Veracruz, con el Afrocaribe\u00f1o, que tambi\u00e9n se realizar\u00e1 la primera semana de octubre, es algo que se ha estado retomando, que si mal no recuerdo algunos a\u00f1os no se realiz\u00f3, que bueno que se ha retomado, es parte de la identidad que tenemos nosotros aqu\u00ed nosotros como veracruzanos, hay que sacarle jugo a eso, porque hay que sacarle jugo a las cosas en las que somos irrepetibles&#8221;, enfatiz\u00f3.<\/p>\n\n\n\n<p>Si bien reconoci\u00f3 Sergio Lois que octubre tambi\u00e9n es un mes complicado, no lo es tanto como septiembre, ya que en el mes de octubre los Congresos salvan la ocupaci\u00f3n hotelera.<\/p>\n\n\n\n<p>&#8220;Las expectativas para el mes de octubre, esperemos que podamos estar hablando de alrededor del 50 por ciento de ocupaci\u00f3n promedio, que ya estemos repuntando un poco, el tema de septiembre ha sido de menos de 40. Entonces s\u00ed, octubre deber\u00e1 de empezar a repuntar, en vistas de empezar a tener noviembre mejor, en noviembre ya volvemos a tener un puente, que es un puente donde generalmente se hace El Buen Fin, que es el puente donde se conmemora la Revoluci\u00f3n Mexicana, y generalmente a partir de ese puente empezamos a ver ya un repunte previo la siguiente temporada alta, que es la temporada con la que cerramos el a\u00f1o&#8221;, culmin\u00f3.<\/p>\n","protected":false},"excerpt":{"rendered":"<p>Alejandro \u00c1vila Veracruz, Ver.- Durante la primera semana del mes de octubre se vislumbra un repunte considerable en las reservaciones hoteleras, gracias a dos eventos que atraer\u00e1n turismo nacional, mencion\u00f3 el presidente del Consejo Metropolitano de Turismo (COMETUR), Sergio Lois Heredia. Hist\u00f3ricamente el mes de septiembre es uno de los m\u00e1s bajos para el sector [&hellip;]<\/p>\n","protected":false},"author":2476,"featured_media":45772,"comment_status":"open","ping_status":"open","sticky":false,"template":"","format":"standard","meta":{"_jetpack_memberships_contains_paid_content":false,"footnotes":""},"categories":[2],"tags":[],"class_list":["post-45771","post","type-post","status-publish","format-standard","has-post-thumbnail","hentry","category-estado"],"jetpack_featured_media_url":"https:\/\/encuentroinformativo.com.mx\/wp-content\/uploads\/2023\/09\/IMG-20230927-WA0005.jpg","jetpack_sharing_enabled":true,"jetpack_likes_enabled":true,"amp_enabled":true,"_links":{"self":[{"href":"https:\/\/encuentroinformativo.com.mx\/index.php?rest_route=\/wp\/v2\/posts\/45771","targetHints":{"allow":["GET"]}}],"collection":[{"href":"https:\/\/encuentroinformativo.com.mx\/index.php?rest_route=\/wp\/v2\/posts"}],"about":[{"href":"https:\/\/encuentroinformativo.com.mx\/index.php?rest_route=\/wp\/v2\/types\/post"}],"author":[{"embeddable":true,"href":"https:\/\/encuentroinformativo.com.mx\/index.php?rest_route=\/wp\/v2\/users\/2476"}],"replies":[{"embeddable":true,"href":"https:\/\/encuentroinformativo.com.mx\/index.php?rest_route=%2Fwp%2Fv2%2Fcomments&post=45771"}],"version-history":[{"count":1,"href":"https:\/\/encuentroinformativo.com.mx\/index.php?rest_route=\/wp\/v2\/posts\/45771\/revisions"}],"predecessor-version":[{"id":45773,"href":"https:\/\/encuentroinformativo.com.mx\/index.php?rest_route=\/wp\/v2\/posts\/45771\/revisions\/45773"}],"wp:featuredmedia":[{"embeddable":true,"href":"https:\/\/encuentroinformativo.com.mx\/index.php?rest_route=\/wp\/v2\/media\/45772"}],"wp:attachment":[{"href":"https:\/\/encuentroinformativo.com.mx\/index.php?rest_route=%2Fwp%2Fv2%2Fmedia&parent=45771"}],"wp:term":[{"taxonomy":"category","embeddable":true,"href":"https:\/\/encuentroinformativo.com.mx\/index.php?rest_route=%2Fwp%2Fv2%2Fcategories&post=45771"},{"taxonomy":"post_tag","embeddable":true,"href":"https:\/\/encuentroinformativo.com.mx\/index.php?rest_route=%2Fwp%2Fv2%2Ftags&post=45771"}],"curies":[{"name":"wp","href":"https:\/\/api.w.org\/{rel}","templated":true}]}}