{"id":45774,"date":"2023-09-27T11:26:10","date_gmt":"2023-09-27T17:26:10","guid":{"rendered":"https:\/\/encuentroinformativo.com.mx\/?p=45774"},"modified":"2023-09-27T11:26:14","modified_gmt":"2023-09-27T17:26:14","slug":"colonos-denuncian-un-veracruz-de-primera-y-de-segunda-ramon-alvarez","status":"publish","type":"post","link":"https:\/\/encuentroinformativo.com.mx\/?p=45774","title":{"rendered":"Colonos denuncian un Veracruz de primera y de segunda: Ram\u00f3n \u00c1lvarez"},"content":{"rendered":"\n<p><strong>Alejandro \u00c1vila<\/strong><\/p>\n\n\n\n<p>Veracruz, Ver.- El ex director de la Secretar\u00eda de Infraestructura, Comunicaciones y Transportes (SICT) de Veracruz, Ram\u00f3n \u00c1lvarez Font\u00e1n, asegur\u00f3 en entrevista que la gente de la zona conurbada se queja de que existe un Veracruz de primera y un Veracruz de segunda.<\/p>\n\n\n\n<p>El empresario, quien ha sido cercano al presidente, Andr\u00e9s Manuel L\u00f3pez Obrador, no ocult\u00f3 su inter\u00e9s por participar en la siguiente contienda electoral, aunado a ello, dijo que en su recorridos en las colonias m\u00e1s vulnerables, las quejas de los vecinos son, sobre el servicio y tarifas de agua potable, la falta de drenaje, alcantarrillado y pavimentaci\u00f3n en las zonas marginadas, as\u00ed como otros servicios b\u00e1sicos.<\/p>\n\n\n\n<p>&#8220;Hoy lo que tenemos que hacer es informar lo que estamos haciendo, y otra cosa muy importante es escuchar, escuchar las necesidades, no podemos tener hoy lo que escuchamos d\u00eda a d\u00eda que vamos a las colonias, un Veracruz de primera y un Veracruz de segunda, y podemos decir que hasta un Veracruz de tercera, la gente te recibe se explaya contigo, ves las necesidades, agua, basura, drenaje, pavimentos, muchos servicios que Veracruz adolece muy fuerte&#8221;, puntualiz\u00f3.<\/p>\n\n\n\n<p>Ram\u00f3n \u00c1lvarez dijo que es muy importante que exista un Congreso fuerte, donde los diputados tengan di\u00e1logo con la siguiente gobernadora y as\u00ed lograr los beneficios adecuados para sus respectivos distritos.<\/p>\n\n\n\n<p>&#8220;Cr\u00e9eme que traigo toda la voluntad de seguir trabajando y colaborando con nuestra comunidad que es Veracruz puerto&#8221;, subray\u00f3.<\/p>\n\n\n\n<p>Cuestionado sobre la baraja de posibilidades que hay en Morena para lograr la candidatura en Veracruz, asegur\u00f3 que es el tiempo de las mujeres, y en espec\u00edfico de la secretaria de Energ\u00eda.<\/p>\n\n\n\n<p>&#8220;En Veracruz hay muy buenas cartas, eso es muy bueno, pero creo que hoy sin duda es tiempo de mujeres; adem\u00e1s, que mujer podemos tener hoy como candidata y pr\u00f3xima gobernadora de Veracruz que, una diputada federal, una senadora, una secretar\u00eda de estado, en donde lleva hoy uno de los mega proyectos del presidente, que est\u00e1 cumpliendo el tiempo y forma, entonces yo creo que hoy para Veracruz es Roc\u00edo Nahle&#8221;, remat\u00f3.<\/p>\n","protected":false},"excerpt":{"rendered":"<p>Alejandro \u00c1vila Veracruz, Ver.- El ex director de la Secretar\u00eda de Infraestructura, Comunicaciones y Transportes (SICT) de Veracruz, Ram\u00f3n \u00c1lvarez Font\u00e1n, asegur\u00f3 en entrevista que la gente de la zona conurbada se queja de que existe un Veracruz de primera y un Veracruz de segunda. El empresario, quien ha sido cercano al presidente, Andr\u00e9s Manuel [&hellip;]<\/p>\n","protected":false},"author":2476,"featured_media":45775,"comment_status":"open","ping_status":"open","sticky":false,"template":"","format":"standard","meta":{"_jetpack_memberships_contains_paid_content":false,"footnotes":""},"categories":[2],"tags":[],"class_list":["post-45774","post","type-post","status-publish","format-standard","has-post-thumbnail","hentry","category-estado"],"jetpack_featured_media_url":"https:\/\/encuentroinformativo.com.mx\/wp-content\/uploads\/2023\/09\/IMG-20230927-WA00162.jpg","jetpack_sharing_enabled":true,"jetpack_likes_enabled":true,"amp_enabled":true,"_links":{"self":[{"href":"https:\/\/encuentroinformativo.com.mx\/index.php?rest_route=\/wp\/v2\/posts\/45774","targetHints":{"allow":["GET"]}}],"collection":[{"href":"https:\/\/encuentroinformativo.com.mx\/index.php?rest_route=\/wp\/v2\/posts"}],"about":[{"href":"https:\/\/encuentroinformativo.com.mx\/index.php?rest_route=\/wp\/v2\/types\/post"}],"author":[{"embeddable":true,"href":"https:\/\/encuentroinformativo.com.mx\/index.php?rest_route=\/wp\/v2\/users\/2476"}],"replies":[{"embeddable":true,"href":"https:\/\/encuentroinformativo.com.mx\/index.php?rest_route=%2Fwp%2Fv2%2Fcomments&post=45774"}],"version-history":[{"count":1,"href":"https:\/\/encuentroinformativo.com.mx\/index.php?rest_route=\/wp\/v2\/posts\/45774\/revisions"}],"predecessor-version":[{"id":45776,"href":"https:\/\/encuentroinformativo.com.mx\/index.php?rest_route=\/wp\/v2\/posts\/45774\/revisions\/45776"}],"wp:featuredmedia":[{"embeddable":true,"href":"https:\/\/encuentroinformativo.com.mx\/index.php?rest_route=\/wp\/v2\/media\/45775"}],"wp:attachment":[{"href":"https:\/\/encuentroinformativo.com.mx\/index.php?rest_route=%2Fwp%2Fv2%2Fmedia&parent=45774"}],"wp:term":[{"taxonomy":"category","embeddable":true,"href":"https:\/\/encuentroinformativo.com.mx\/index.php?rest_route=%2Fwp%2Fv2%2Fcategories&post=45774"},{"taxonomy":"post_tag","embeddable":true,"href":"https:\/\/encuentroinformativo.com.mx\/index.php?rest_route=%2Fwp%2Fv2%2Ftags&post=45774"}],"curies":[{"name":"wp","href":"https:\/\/api.w.org\/{rel}","templated":true}]}}