{"id":45780,"date":"2023-09-27T11:38:59","date_gmt":"2023-09-27T17:38:59","guid":{"rendered":"https:\/\/encuentroinformativo.com.mx\/?p=45780"},"modified":"2023-09-27T11:39:03","modified_gmt":"2023-09-27T17:39:03","slug":"consejo-civico-quiere-que-les-tomen-en-cuenta-en-el-frente-amplio","status":"publish","type":"post","link":"https:\/\/encuentroinformativo.com.mx\/?p=45780","title":{"rendered":"Consejo C\u00edvico quiere que les tomen en cuenta en el Frente Amplio"},"content":{"rendered":"\n<p><strong>Juan Arcos <\/strong><\/p>\n\n\n\n<p>Xalapa, Ver.- Integrantes del Consejo C\u00edvico Ciudadano de Veracruz exigieron ser tomados en cuenta en la elecci\u00f3n del candidato de oposici\u00f3n a la gubernatura de Veracruz.<\/p>\n\n\n\n<p>Adriana Lorena Franco Sampayo, integrante de la organizaci\u00f3n, hizo un llamado a la dirigencia de los partidos Acci\u00f3n Nacional (PAN), Revolucionario Institucional (PRI) y de la Revoluci\u00f3n Democr\u00e1tica (PRD) para que sean escuchadas las propuestas ciudadanas.<\/p>\n\n\n\n<p>Lo anterior, como parte de los trabajos estatales para la construcci\u00f3n del \u201cFrente Amplio por Veracruz\u201d rumbo a la elecci\u00f3n del 2 de junio de 2024.<\/p>\n\n\n\n<p>\u201cEsperamos que los partidos reconozcan las voces ciudadanas veracruzanas y que se convoque a establecer un proceso de definiciones de cara a ellos y que todos estamos a la altura de las exigencias que marcan el camino que debemos seguir\u201d, expres\u00f3.<\/p>\n\n\n\n<p>En conferencia de prensa, realizada en el centro de Xalapa, consider\u00f3 que Veracruz se encuentra en un momento cr\u00edtico por la inseguridad, el abandono en salud, los atrasos educativos, problemas econ\u00f3micos y la corrupci\u00f3n en obras y servicios.<\/p>\n\n\n\n<p>Por tal motivo, mencion\u00f3 que la ciudadan\u00eda tiene que sumar los esfuerzos de los partidos pol\u00edticos de oposici\u00f3n y de la sociedad civil organizada.<\/p>\n\n\n\n<p>Adem\u00e1s, existe un creciente inter\u00e9s de la ciudadan\u00eda por participar como actor protagonista del cambio y ello ha llevado a la conformaci\u00f3n del Consejo C\u00edvico Ciudadano de Veracruz, integrado por un centenar de organismos civiles.<\/p>\n\n\n\n<p>\u201cEs necesario convencer con mucho entusiasmo a familiares, amigos, vecinos y compa\u00f1eros de trabajo que las circunstancias implican responsabilidades y luchas mayores, que es posible cambiar nuestra tr\u00e1gica realidad actual sumando fuerzas y valores democr\u00e1ticos, asumiendo nuestra pluralidad y comprometi\u00e9ndonos con la tolerancia necesaria en las acciones concretas que apoyen la construcci\u00f3n del Frente Amplio por Veracruz\u201d, enfatiz\u00f3 Adriana Franco.<\/p>\n","protected":false},"excerpt":{"rendered":"<p>Juan Arcos Xalapa, Ver.- Integrantes del Consejo C\u00edvico Ciudadano de Veracruz exigieron ser tomados en cuenta en la elecci\u00f3n del candidato de oposici\u00f3n a la gubernatura de Veracruz. Adriana Lorena Franco Sampayo, integrante de la organizaci\u00f3n, hizo un llamado a la dirigencia de los partidos Acci\u00f3n Nacional (PAN), Revolucionario Institucional (PRI) y de la Revoluci\u00f3n [&hellip;]<\/p>\n","protected":false},"author":2476,"featured_media":45781,"comment_status":"open","ping_status":"open","sticky":false,"template":"","format":"standard","meta":{"_jetpack_memberships_contains_paid_content":false,"footnotes":""},"categories":[3],"tags":[],"class_list":["post-45780","post","type-post","status-publish","format-standard","has-post-thumbnail","hentry","category-xalapa"],"jetpack_featured_media_url":"https:\/\/encuentroinformativo.com.mx\/wp-content\/uploads\/2023\/09\/316f3878-44f5-468b-b36e-43919d5b4c3a.jpg","jetpack_sharing_enabled":true,"jetpack_likes_enabled":true,"amp_enabled":true,"_links":{"self":[{"href":"https:\/\/encuentroinformativo.com.mx\/index.php?rest_route=\/wp\/v2\/posts\/45780","targetHints":{"allow":["GET"]}}],"collection":[{"href":"https:\/\/encuentroinformativo.com.mx\/index.php?rest_route=\/wp\/v2\/posts"}],"about":[{"href":"https:\/\/encuentroinformativo.com.mx\/index.php?rest_route=\/wp\/v2\/types\/post"}],"author":[{"embeddable":true,"href":"https:\/\/encuentroinformativo.com.mx\/index.php?rest_route=\/wp\/v2\/users\/2476"}],"replies":[{"embeddable":true,"href":"https:\/\/encuentroinformativo.com.mx\/index.php?rest_route=%2Fwp%2Fv2%2Fcomments&post=45780"}],"version-history":[{"count":1,"href":"https:\/\/encuentroinformativo.com.mx\/index.php?rest_route=\/wp\/v2\/posts\/45780\/revisions"}],"predecessor-version":[{"id":45782,"href":"https:\/\/encuentroinformativo.com.mx\/index.php?rest_route=\/wp\/v2\/posts\/45780\/revisions\/45782"}],"wp:featuredmedia":[{"embeddable":true,"href":"https:\/\/encuentroinformativo.com.mx\/index.php?rest_route=\/wp\/v2\/media\/45781"}],"wp:attachment":[{"href":"https:\/\/encuentroinformativo.com.mx\/index.php?rest_route=%2Fwp%2Fv2%2Fmedia&parent=45780"}],"wp:term":[{"taxonomy":"category","embeddable":true,"href":"https:\/\/encuentroinformativo.com.mx\/index.php?rest_route=%2Fwp%2Fv2%2Fcategories&post=45780"},{"taxonomy":"post_tag","embeddable":true,"href":"https:\/\/encuentroinformativo.com.mx\/index.php?rest_route=%2Fwp%2Fv2%2Ftags&post=45780"}],"curies":[{"name":"wp","href":"https:\/\/api.w.org\/{rel}","templated":true}]}}