{"id":4579,"date":"2020-08-01T12:49:08","date_gmt":"2020-08-01T17:49:08","guid":{"rendered":"https:\/\/encuentroinformativo.com\/?p=4579"},"modified":"2020-08-01T12:49:11","modified_gmt":"2020-08-01T17:49:11","slug":"la-politizacion-del-cubrebocas","status":"publish","type":"post","link":"https:\/\/encuentroinformativo.com.mx\/?p=4579","title":{"rendered":"La Politizaci\u00f3n del Cubrebocas"},"content":{"rendered":"\n<p><strong>N\u00fameros Rojos<\/strong><\/p>\n\n\n\n<p><strong>Brenda Caballero<\/strong><\/p>\n\n\n\n<p>\u00a1Mira! \u00a1No usan cubrebocas! Es la expresi\u00f3n de mi madre cuando ve que alguien pasa por la calle sin cubrirse nariz y boca. Ante su insistente comentario, trato de tranquilizarla y decirle que cada uno de nosotros decide c\u00f3mo cuida su salud. Entre dientes, me da la raz\u00f3n, pero sigue molesta y refunfu\u00f1ando.<\/p>\n\n\n\n<p>\u00bfPor qu\u00e9 te enojas? No vale la pena \u2013le insisto. Ante mi argumento me revira y dice. \u201cSi usaran cubrebocas tendr\u00edamos menos contagios\u201d. Definitivamente le doy la raz\u00f3n.<\/p>\n\n\n\n<p>Contrario a la manifestaci\u00f3n de Hugo L\u00f3pez Gatell de que el cubrebocas es una medida auxiliar de prevenci\u00f3n contra la Covid-19 y que no se har\u00e1 obligatorio porque se conf\u00eda en la sociedad, en mi opini\u00f3n s\u00ed deber\u00eda ser obligatorio usarlo. \u00a1Vaya! hasta mi sobrino de 8 a\u00f1os se pone su cubrebocas y hasta me cuestiona del nombre: \u201cse llama cubrebocas, no cubrenariz\u201d. Reconozco que me dej\u00f3 pensando y hasta me remont\u00e9 a la historia del cubrebocas, donde cita que en el a\u00f1o 1905, durante la fiebre escarlata y su contagio a trav\u00e9s de gotitas, las enfermeras se vieron en la necesidad de tapar tambi\u00e9n su nariz, para no contagiarse.<\/p>\n\n\n\n<p>Me cuesta entender que a\u00f1os despu\u00e9s, tras el \u00e9xito del cubrebocas para evitar infecciones, el subsecretario de Prevenci\u00f3n y Promoci\u00f3n de la Salud a veces lo use y a veces no, cuando \u00e9l deber\u00eda poner el ejemplo a la poblaci\u00f3n; o que tenga expresiones como que se lo va a poner para que le tomen la foto. Realmente no ayuda a la gente.<\/p>\n\n\n\n<p>O como la expresi\u00f3n del Presidente Andr\u00e9s Manuel L\u00f3pez Obrador: \u201cMe lo voy a poner cuando no haya corrupci\u00f3n. Hagamos ese acuerdo, vamos a apurarnos a acabar con la corrupci\u00f3n para ponerme mi tapaboca para que ya no hable\u201d.<\/p>\n\n\n\n<p>Entonces \u00bfCu\u00e1ndo se pondr\u00e1 el Presidente el cubrebocas? Nunca, porque la corrupci\u00f3n sigue desde todos los frentes.<\/p>\n\n\n\n<p>\u00bfAumentar\u00eda el uso del cubrebocas en la poblaci\u00f3n si el Presidente lo usara? Definitivamente as\u00ed lo creo. Andr\u00e9s Manuel L\u00f3pez Obrador es ejemplo viviente. \u00a1Vaya! ser\u00eda m\u00e1s f\u00e1cil explicarles a mis abuelos de 97 y 88 a\u00f1os que el virus no se ha acabado al mostrarles en las noticias al Presidente usando cubrebocas.<\/p>\n\n\n\n<p>\u00bfPor qu\u00e9 no usa cubrebocas el Presidente? Muchas veces ha argumentado que los especialistas no se lo han indicado as\u00ed, o que no est\u00e1 demostrado cient\u00edficamente que el cubrebocas ayude, pero su declaraci\u00f3n de ayer, de ponerse el tapaboca para que no hable hace pensar que el no usarlo lleva otro contexto.<\/p>\n\n\n\n<p>Se ha politizado tanto el uso del cubrebocas en el Presidente que hasta algunos panistas iniciaron un juicio de amparo para que el Presidente lo porte. \u00bfEst\u00e1n hablando en serio? \u00bfDe verdad es necesario usar recursos p\u00fablicos para que el Presidente se ponga el cubrebocas, cuando tenemos miles de asuntos sin resolver por parte de nuestras autoridades?<\/p>\n\n\n\n<p>Da tristeza ver la polarizaci\u00f3n de la poblaci\u00f3n en algo tan simple como que todos nos pongamos un cubrebocas para evitar contagios y m\u00e1s cuando todos los d\u00edas los casos de Covid-19 en M\u00e9xico aumentan. Si no creemos en el cubrebocas, al menos hag\u00e1moslo por solidaridad con las miles de familias que han perdido a sus seres queridos. #UsaCubrebocas.<br><\/p>\n\n\n\n<p>@NumerosRojos_BC<\/p>\n\n\n\n<p><a href=\"mailto:caballero_brenda@hotmail.com\" target=\"_blank\" rel=\"noreferrer noopener\">caballero_brenda@hotmail.com<\/a><\/p>\n","protected":false},"excerpt":{"rendered":"<p>N\u00fameros Rojos Brenda Caballero \u00a1Mira! \u00a1No usan cubrebocas! Es la expresi\u00f3n de mi madre cuando ve que alguien pasa por la calle sin cubrirse nariz y boca. Ante su insistente comentario, trato de tranquilizarla y decirle que cada uno de nosotros decide c\u00f3mo cuida su salud. Entre dientes, me da la raz\u00f3n, pero sigue molesta [&hellip;]<\/p>\n","protected":false},"author":1,"featured_media":387,"comment_status":"open","ping_status":"open","sticky":false,"template":"","format":"standard","meta":{"_jetpack_memberships_contains_paid_content":false,"footnotes":""},"categories":[11],"tags":[],"class_list":["post-4579","post","type-post","status-publish","format-standard","has-post-thumbnail","hentry","category-opinion"],"jetpack_featured_media_url":"https:\/\/encuentroinformativo.com.mx\/wp-content\/uploads\/2020\/03\/7CF8A22B-2764-47BE-8F7F-38FE9E5D6A2F.jpeg","jetpack_sharing_enabled":true,"jetpack_likes_enabled":true,"amp_enabled":true,"_links":{"self":[{"href":"https:\/\/encuentroinformativo.com.mx\/index.php?rest_route=\/wp\/v2\/posts\/4579","targetHints":{"allow":["GET"]}}],"collection":[{"href":"https:\/\/encuentroinformativo.com.mx\/index.php?rest_route=\/wp\/v2\/posts"}],"about":[{"href":"https:\/\/encuentroinformativo.com.mx\/index.php?rest_route=\/wp\/v2\/types\/post"}],"author":[{"embeddable":true,"href":"https:\/\/encuentroinformativo.com.mx\/index.php?rest_route=\/wp\/v2\/users\/1"}],"replies":[{"embeddable":true,"href":"https:\/\/encuentroinformativo.com.mx\/index.php?rest_route=%2Fwp%2Fv2%2Fcomments&post=4579"}],"version-history":[{"count":2,"href":"https:\/\/encuentroinformativo.com.mx\/index.php?rest_route=\/wp\/v2\/posts\/4579\/revisions"}],"predecessor-version":[{"id":4587,"href":"https:\/\/encuentroinformativo.com.mx\/index.php?rest_route=\/wp\/v2\/posts\/4579\/revisions\/4587"}],"wp:featuredmedia":[{"embeddable":true,"href":"https:\/\/encuentroinformativo.com.mx\/index.php?rest_route=\/wp\/v2\/media\/387"}],"wp:attachment":[{"href":"https:\/\/encuentroinformativo.com.mx\/index.php?rest_route=%2Fwp%2Fv2%2Fmedia&parent=4579"}],"wp:term":[{"taxonomy":"category","embeddable":true,"href":"https:\/\/encuentroinformativo.com.mx\/index.php?rest_route=%2Fwp%2Fv2%2Fcategories&post=4579"},{"taxonomy":"post_tag","embeddable":true,"href":"https:\/\/encuentroinformativo.com.mx\/index.php?rest_route=%2Fwp%2Fv2%2Ftags&post=4579"}],"curies":[{"name":"wp","href":"https:\/\/api.w.org\/{rel}","templated":true}]}}