{"id":45791,"date":"2023-09-27T13:24:23","date_gmt":"2023-09-27T19:24:23","guid":{"rendered":"https:\/\/encuentroinformativo.com.mx\/?p=45791"},"modified":"2023-09-27T13:24:27","modified_gmt":"2023-09-27T19:24:27","slug":"sequia-disminuyo-produccion-de-maiz-en-veracruz","status":"publish","type":"post","link":"https:\/\/encuentroinformativo.com.mx\/?p=45791","title":{"rendered":"Sequ\u00eda disminuy\u00f3 producci\u00f3n de ma\u00edz en Veracruz"},"content":{"rendered":"\n<p><strong>Dar\u00edo Pale <\/strong><\/p>\n\n\n\n<p>Xalapa, Ver.- La producci\u00f3n de ma\u00edz pas\u00f3 de 4 mil a 800 toneladas por sequ\u00eda, la cual se viene presentando en al menos 135 municipios de forma moderada, as\u00ed como 35 de forma severa.<\/p>\n\n\n\n<p>Y es que la temporada de sequ\u00eda s\u00ed afect\u00f3 la producci\u00f3n de ma\u00edz en el norte de la entidad en el ciclo pasado, as\u00ed lo dio a conocer Carlos Enrique Sevilla Andrade, jefe de la Unidad Operativa 18 de precios y garant\u00edas de Segalmex, en el norte de Veracruz.<\/p>\n\n\n\n<p>En entrevista se\u00f1al\u00f3 que, &#8220;el acopio se vio afectado el a\u00f1o pasado porque en a\u00f1os anteriores se hab\u00edan acopiado hasta 3 o 4 mil toneladas y el ciclo de cosecha pasada solamente se acopiaron 860 toneladas, entonces la labor es retomar 4 mil toneladas en la zona norte&#8221;.<\/p>\n\n\n\n<p>Dio a conocer que el ciclo pasado acopiaron 860 toneladas de ma\u00edz en la zona norte, mientras que en la zona sur se acopiaron 11 mil 200 toneladas.<\/p>\n\n\n\n<p>Resalt\u00f3 que la zona norte abarca de Cosamaloapan a P\u00e1nuco, mientras que al sur es de ah\u00ed mismo hasta Coatzacoalcos.<\/p>\n\n\n\n<p>Adelant\u00f3 que est\u00e1n en pl\u00e1ticas con el municipio de Cotaxtla para abrir ah\u00ed un centro de acopio porque ah\u00ed hay mucha producci\u00f3n de ma\u00edz.<\/p>\n\n\n\n<p>Coment\u00f3 que a partir del 1 de octubre comenzar\u00e1 \u00a0el ciclo de cosecha y se comenzar\u00e1n a abrir los centros de acopio para que los peque\u00f1os productores les puedan vender.<\/p>\n\n\n\n<p>Detall\u00f3 que en la zona a su cargo unos mil 200 productores son los que venden a Segalmex, pero con el arranque del nuevo ciclo analizar\u00e1n cu\u00e1ntos m\u00e1s se podr\u00e1n ver beneficiados.<\/p>\n\n\n\n<p>Agreg\u00f3 que la producci\u00f3n del ciclo pasado se afect\u00f3 por la sequ\u00eda y luego la helada en la zona de Perote, por lo que hubo un bajo acopio.<\/p>\n\n\n\n<p>Finalmente se\u00f1al\u00f3 que, en este momento est\u00e1n buscando el apoyo de los presidentes municipales para difundir que si en este momento hay producci\u00f3n la puedan recibir en los centros de acopio y con ello abonar a la seguridad alimentaria.<\/p>\n","protected":false},"excerpt":{"rendered":"<p>Dar\u00edo Pale Xalapa, Ver.- La producci\u00f3n de ma\u00edz pas\u00f3 de 4 mil a 800 toneladas por sequ\u00eda, la cual se viene presentando en al menos 135 municipios de forma moderada, as\u00ed como 35 de forma severa. Y es que la temporada de sequ\u00eda s\u00ed afect\u00f3 la producci\u00f3n de ma\u00edz en el norte de la entidad [&hellip;]<\/p>\n","protected":false},"author":2476,"featured_media":45792,"comment_status":"open","ping_status":"open","sticky":false,"template":"","format":"standard","meta":{"_jetpack_memberships_contains_paid_content":false,"footnotes":""},"categories":[2],"tags":[],"class_list":["post-45791","post","type-post","status-publish","format-standard","has-post-thumbnail","hentry","category-estado"],"jetpack_featured_media_url":"https:\/\/encuentroinformativo.com.mx\/wp-content\/uploads\/2023\/09\/IMG-20230927-WA0048.jpg","jetpack_sharing_enabled":true,"jetpack_likes_enabled":true,"amp_enabled":true,"_links":{"self":[{"href":"https:\/\/encuentroinformativo.com.mx\/index.php?rest_route=\/wp\/v2\/posts\/45791","targetHints":{"allow":["GET"]}}],"collection":[{"href":"https:\/\/encuentroinformativo.com.mx\/index.php?rest_route=\/wp\/v2\/posts"}],"about":[{"href":"https:\/\/encuentroinformativo.com.mx\/index.php?rest_route=\/wp\/v2\/types\/post"}],"author":[{"embeddable":true,"href":"https:\/\/encuentroinformativo.com.mx\/index.php?rest_route=\/wp\/v2\/users\/2476"}],"replies":[{"embeddable":true,"href":"https:\/\/encuentroinformativo.com.mx\/index.php?rest_route=%2Fwp%2Fv2%2Fcomments&post=45791"}],"version-history":[{"count":1,"href":"https:\/\/encuentroinformativo.com.mx\/index.php?rest_route=\/wp\/v2\/posts\/45791\/revisions"}],"predecessor-version":[{"id":45793,"href":"https:\/\/encuentroinformativo.com.mx\/index.php?rest_route=\/wp\/v2\/posts\/45791\/revisions\/45793"}],"wp:featuredmedia":[{"embeddable":true,"href":"https:\/\/encuentroinformativo.com.mx\/index.php?rest_route=\/wp\/v2\/media\/45792"}],"wp:attachment":[{"href":"https:\/\/encuentroinformativo.com.mx\/index.php?rest_route=%2Fwp%2Fv2%2Fmedia&parent=45791"}],"wp:term":[{"taxonomy":"category","embeddable":true,"href":"https:\/\/encuentroinformativo.com.mx\/index.php?rest_route=%2Fwp%2Fv2%2Fcategories&post=45791"},{"taxonomy":"post_tag","embeddable":true,"href":"https:\/\/encuentroinformativo.com.mx\/index.php?rest_route=%2Fwp%2Fv2%2Ftags&post=45791"}],"curies":[{"name":"wp","href":"https:\/\/api.w.org\/{rel}","templated":true}]}}