{"id":4581,"date":"2020-08-01T14:13:22","date_gmt":"2020-08-01T19:13:22","guid":{"rendered":"https:\/\/encuentroinformativo.com\/?p=4581"},"modified":"2020-08-01T14:13:25","modified_gmt":"2020-08-01T19:13:25","slug":"refuerzan-acciones-de-sanitizacion-en-el-tev","status":"publish","type":"post","link":"https:\/\/encuentroinformativo.com.mx\/?p=4581","title":{"rendered":"Refuerzan acciones de sanitizaci\u00f3n en el TEV"},"content":{"rendered":"\n<p>Xalapa, Ver.- Por cuarta ocasi\u00f3n se llev\u00f3 a cabo la sanitizaci\u00f3n de los espacios del Tribunal Electoral de Veracruz (TEV), con el objetivo de disminuir el riesgo de contagio de la propagaci\u00f3n del Covid-19.<\/p>\n\n\n\n<p>Con estas acciones se protege y garantiza el derecho humano a la salud de los servidores p\u00fablicos del Tribunal, adem\u00e1s se da cumplimiento a las disposiciones de los gobiernos estatal y federal.<\/p>\n\n\n\n<p>Al reforzar estas acciones de sanitizaci\u00f3n de los inmuebles y \u00e1reas administrativas del TEV como parte importante en la prevenci\u00f3n, se destruyen microorganismos pat\u00f3genos, productores de enfermedades transmisibles y evitar as\u00ed, su proliferaci\u00f3n.<\/p>\n\n\n\n<p>Especialistas aplicaron desinfectante germicida l\u00edquido de \u00faltima generaci\u00f3n, para eliminar la suciedad y potenciales contaminantes, disminuir la transmisi\u00f3n de enfermedades, erradicar virus, bacterias y esporas.<\/p>\n\n\n\n<p>El Tribunal busca en todo momento reducir los riesgos de contagio, por lo tanto al personal que ha tenido que asistir de manera presencial se les dota de cubrebocas, gel antibacterial y caretas para su protecci\u00f3n.<\/p>\n\n\n\n<p>Recuerda lavarte las manos, evitar tocar tu rostro, cubrir tu boca al toser o estornudar. #Qu\u00e9dateEnCasa #SanaDistancia<\/p>\n","protected":false},"excerpt":{"rendered":"<p>Xalapa, Ver.- Por cuarta ocasi\u00f3n se llev\u00f3 a cabo la sanitizaci\u00f3n de los espacios del Tribunal Electoral de Veracruz (TEV), con el objetivo de disminuir el riesgo de contagio de la propagaci\u00f3n del Covid-19. Con estas acciones se protege y garantiza el derecho humano a la salud de los servidores p\u00fablicos del Tribunal, adem\u00e1s se [&hellip;]<\/p>\n","protected":false},"author":1,"featured_media":4582,"comment_status":"open","ping_status":"open","sticky":false,"template":"","format":"standard","meta":{"_jetpack_memberships_contains_paid_content":false,"footnotes":""},"categories":[2],"tags":[],"class_list":["post-4581","post","type-post","status-publish","format-standard","has-post-thumbnail","hentry","category-estado"],"jetpack_featured_media_url":"https:\/\/encuentroinformativo.com.mx\/wp-content\/uploads\/2020\/08\/4F052388-91B6-4589-ACE1-903BCD5D8E98.jpeg","jetpack_sharing_enabled":true,"jetpack_likes_enabled":true,"amp_enabled":true,"_links":{"self":[{"href":"https:\/\/encuentroinformativo.com.mx\/index.php?rest_route=\/wp\/v2\/posts\/4581","targetHints":{"allow":["GET"]}}],"collection":[{"href":"https:\/\/encuentroinformativo.com.mx\/index.php?rest_route=\/wp\/v2\/posts"}],"about":[{"href":"https:\/\/encuentroinformativo.com.mx\/index.php?rest_route=\/wp\/v2\/types\/post"}],"author":[{"embeddable":true,"href":"https:\/\/encuentroinformativo.com.mx\/index.php?rest_route=\/wp\/v2\/users\/1"}],"replies":[{"embeddable":true,"href":"https:\/\/encuentroinformativo.com.mx\/index.php?rest_route=%2Fwp%2Fv2%2Fcomments&post=4581"}],"version-history":[{"count":1,"href":"https:\/\/encuentroinformativo.com.mx\/index.php?rest_route=\/wp\/v2\/posts\/4581\/revisions"}],"predecessor-version":[{"id":4583,"href":"https:\/\/encuentroinformativo.com.mx\/index.php?rest_route=\/wp\/v2\/posts\/4581\/revisions\/4583"}],"wp:featuredmedia":[{"embeddable":true,"href":"https:\/\/encuentroinformativo.com.mx\/index.php?rest_route=\/wp\/v2\/media\/4582"}],"wp:attachment":[{"href":"https:\/\/encuentroinformativo.com.mx\/index.php?rest_route=%2Fwp%2Fv2%2Fmedia&parent=4581"}],"wp:term":[{"taxonomy":"category","embeddable":true,"href":"https:\/\/encuentroinformativo.com.mx\/index.php?rest_route=%2Fwp%2Fv2%2Fcategories&post=4581"},{"taxonomy":"post_tag","embeddable":true,"href":"https:\/\/encuentroinformativo.com.mx\/index.php?rest_route=%2Fwp%2Fv2%2Ftags&post=4581"}],"curies":[{"name":"wp","href":"https:\/\/api.w.org\/{rel}","templated":true}]}}