{"id":45810,"date":"2023-09-27T21:07:15","date_gmt":"2023-09-28T03:07:15","guid":{"rendered":"https:\/\/encuentroinformativo.com.mx\/?p=45810"},"modified":"2023-09-27T21:07:19","modified_gmt":"2023-09-28T03:07:19","slug":"alcalde-jm-unanue-y-dif-municipal-anuncian-400-mastografias-gratis-durante-el-mes-rosa","status":"publish","type":"post","link":"https:\/\/encuentroinformativo.com.mx\/?p=45810","title":{"rendered":"Alcalde JM Un\u00e1nue y DIF municipal anuncian 400 mastograf\u00edas gratis durante el \u201cMes Rosa\u201d"},"content":{"rendered":"\n<p><strong>*<em>Junto a su esposa Melina Rivera de Un\u00e1nue, anunciaron un programa de acciones con el objetivo de sensibilizar y concientizar a las mujeres sobre la detecci\u00f3n y atenci\u00f3n oportuna del C\u00e1ncer de Mama<\/em>.<\/strong><\/p>\n\n\n\n<p>Boca del R\u00edo, Ver.- En el marco del \u201cMes Rosa\u201d, el Ayuntamiento de Boca del R\u00edo y el DIF Municipal anunciaron un programa integral de acciones con el objetivo de sensibilizar y concientizar a las mujeres sobre la detecci\u00f3n y atenci\u00f3n oportuna del C\u00e1ncer de Mama.<\/p>\n\n\n\n<p>Con la presencia de la presidenta del DIF Municipal, Melina Rivera de Un\u00e1nue, el edil boque\u00f1o anunci\u00f3 que durante todo octubre se realizar\u00e1 una jornada m\u00e1s de mastograf\u00edas con el valioso apoyo del Hospital Covadonga, a fin de que 400 mujeres puedan realizarse estos estudios de manera gratuita.<\/p>\n\n\n\n<p>\u201cLa prevenci\u00f3n del c\u00e1ncer de mama salva vidas, por eso en este segundo a\u00f1o de mi gobierno seguimos impulsando acciones no solo para crear conciencia sobre esta enfermedad, sino tambi\u00e9n ex\u00e1menes para facilitar el diagn\u00f3stico y con ello el tratamiento y mejorar as\u00ed su calidad de vida\u201d, inform\u00f3 el alcalde Juan Manuel Un\u00e1nue Abascal.<\/p>\n\n\n\n<p>Asimismo, el alcalde agradeci\u00f3 la participaci\u00f3n de las organizaciones civiles y de las empresas que se integran al programa durante todo octubre, ya que su presencia habla no solo del alto sentido de su responsabilidad social, sino de la manera en que ponderan el valor de la vida.<\/p>\n\n\n\n<p>Por su parte, Melina Rivera de Un\u00e1nue, dio a conocer que las actividades del \u201cMes Rosa\u201d iniciar\u00e1n este viernes 29 y s\u00e1bado 30 de septiembre con el tradicional \u201cCaf\u00e9 con Causa\u201d que se llevar\u00e1 a cabo a un costado de Plaza Boka con la venta de caf\u00e9 lechero, caf\u00e9 americano, champolas y canillas en horario de de 8 a.m. a 20 horas.<\/p>\n\n\n\n<p>\u201cAgradezco much\u00edsimo al capit\u00e1n \u00c1ngel Fern\u00e1ndez y a todo el equipo del Gran Caf\u00e9 de la Parroquia por sumarse a estas acciones, ya que al igual que el a\u00f1o pasado nos estar\u00e1n donando el cien por ciento de las ventas durante dos d\u00edas\u201d, expres\u00f3 Rivera de Un\u00e1nue.<\/p>\n\n\n\n<p>De igual forma enfatiz\u00f3 que el esfuerzo que se realiza desde el DIF es para que toda mujer boque\u00f1a est\u00e9 consciente de que una detecci\u00f3n temprana de esta enfermedad puede significar salvar una vida.<\/p>\n\n\n\n<p>En la presentaci\u00f3n de actividades del \u201cMes Rosa\u201d estuvieron presentes el capit\u00e1n \u00c1ngel Fern\u00e1ndez Ceballos; propietario del Gran Caf\u00e9 de la Parroquia, el doctor Marcelo Andrade Rodr\u00edguez; Director M\u00e9dico del Corporativo Hospitales y Gabinetes de Covadonga, as\u00ed como Gina Cano Ricarte; presidenta de Grupo Reto.<\/p>\n\n\n\n<p>En representaci\u00f3n de Roxana Guizar; presidenta de la Asociaci\u00f3n Mujeres apoyando a Mujeres estuvo Maricela Gabriel Melgarejo, as\u00ed como Alfredo Mier Segura; propietario de D&#8217; Gala Eventos y Wilberth Chuc; gerente del Casino Royalty, adem\u00e1s de regidores y directores del Ayuntamiento boque\u00f1o.<\/p>\n\n\n\n<p><em>REQUISITOS<\/em><\/p>\n\n\n\n<p>**Original y copia del INE, comprobante de domicilio y CURP.<\/p>\n\n\n\n<p>**No estar embarazada.<\/p>\n\n\n\n<p>**Asistir con aseo en la zona axilar o mama, no traer puesto desodorante, crema o perfumes.<\/p>\n\n\n\n<p>**Los estudios ser\u00e1n para todas las mujeres boque\u00f1as mayores de 35 a\u00f1os del 2 al 31 de octubre.<\/p>\n\n\n\n<p>**Si ya se han efectuado un estudio con un a\u00f1o de anterioridad, traer los resultados del estudio anterior.<\/p>\n\n\n\n<p>** Acudir al DIF Municipal de Boca del R\u00edo ubicado en la calle Ferrocarril #119 entre Av. Veracruz y bulevar Vicente Fox en horario de 9 a.m. a 2 p.m. de lunes a viernes.<\/p>\n\n\n\n<p><em>ACTIVIDADES DE \u201cOCTUBRE, MES ROSA\u201d<\/em><\/p>\n\n\n\n<p>01 de octubre<br>Encendido del Palacio Municipal de Boca del R\u00edo en color rosa como parte de la campa\u00f1a internacional de la iluminaci\u00f3n de edificio y monumentos p\u00fablicos.<\/p>\n\n\n\n<p>02 de octubre<br>17 hrs. Pl\u00e1ticas de concientizaci\u00f3n impartida por Grupo Reto, realiz\u00e1ndose en el Parque Solidaridad de la colonia Carranza.<\/p>\n\n\n\n<p>11 de octubre<br>18 hrs. Tardeada tem\u00e1tica de los a\u00f1os 80\u00b4s \u201cAyudar nunca pasa de moda\u201d en el sal\u00f3n Madrid. Los boletos se podr\u00e1n adquirir en las instalaciones del DIF de Boca del R\u00edo.<\/p>\n\n\n\n<p>14 de octubre<br>10 hrs. Bingo \u201cUnidas somos m\u00e1s fuertes\u201d en el Casino Royalty.<\/p>\n\n\n\n<p>19 de octubre<br>Conmemorando el D\u00eda de la Lucha contra el C\u00e1ncer de Mama, se entregar\u00e1n 100 mastograf\u00edas gratuitas a dos asociaciones que apoyan a mujeres con esta enfermedad, Grupo Reto (50) y Casa MAM (50).<\/p>\n\n\n\n<p>26 de octubre<br>17 hrs. Pl\u00e1ticas y sesiones por parte de Grupo del \u00c1ngel a trav\u00e9s de su \u00e1rea tanatol\u00f3gica en las instalaciones de la Casa de la Cultura.<\/p>\n","protected":false},"excerpt":{"rendered":"<p>*Junto a su esposa Melina Rivera de Un\u00e1nue, anunciaron un programa de acciones con el objetivo de sensibilizar y concientizar a las mujeres sobre la detecci\u00f3n y atenci\u00f3n oportuna del C\u00e1ncer de Mama. Boca del R\u00edo, Ver.- En el marco del \u201cMes Rosa\u201d, el Ayuntamiento de Boca del R\u00edo y el DIF Municipal anunciaron un [&hellip;]<\/p>\n","protected":false},"author":2476,"featured_media":45811,"comment_status":"open","ping_status":"open","sticky":false,"template":"","format":"standard","meta":{"_jetpack_memberships_contains_paid_content":false,"footnotes":""},"categories":[2],"tags":[],"class_list":["post-45810","post","type-post","status-publish","format-standard","has-post-thumbnail","hentry","category-estado"],"jetpack_featured_media_url":"https:\/\/encuentroinformativo.com.mx\/wp-content\/uploads\/2023\/09\/IMG-20230927-WA01132.jpg","jetpack_sharing_enabled":true,"jetpack_likes_enabled":true,"amp_enabled":true,"_links":{"self":[{"href":"https:\/\/encuentroinformativo.com.mx\/index.php?rest_route=\/wp\/v2\/posts\/45810","targetHints":{"allow":["GET"]}}],"collection":[{"href":"https:\/\/encuentroinformativo.com.mx\/index.php?rest_route=\/wp\/v2\/posts"}],"about":[{"href":"https:\/\/encuentroinformativo.com.mx\/index.php?rest_route=\/wp\/v2\/types\/post"}],"author":[{"embeddable":true,"href":"https:\/\/encuentroinformativo.com.mx\/index.php?rest_route=\/wp\/v2\/users\/2476"}],"replies":[{"embeddable":true,"href":"https:\/\/encuentroinformativo.com.mx\/index.php?rest_route=%2Fwp%2Fv2%2Fcomments&post=45810"}],"version-history":[{"count":1,"href":"https:\/\/encuentroinformativo.com.mx\/index.php?rest_route=\/wp\/v2\/posts\/45810\/revisions"}],"predecessor-version":[{"id":45812,"href":"https:\/\/encuentroinformativo.com.mx\/index.php?rest_route=\/wp\/v2\/posts\/45810\/revisions\/45812"}],"wp:featuredmedia":[{"embeddable":true,"href":"https:\/\/encuentroinformativo.com.mx\/index.php?rest_route=\/wp\/v2\/media\/45811"}],"wp:attachment":[{"href":"https:\/\/encuentroinformativo.com.mx\/index.php?rest_route=%2Fwp%2Fv2%2Fmedia&parent=45810"}],"wp:term":[{"taxonomy":"category","embeddable":true,"href":"https:\/\/encuentroinformativo.com.mx\/index.php?rest_route=%2Fwp%2Fv2%2Fcategories&post=45810"},{"taxonomy":"post_tag","embeddable":true,"href":"https:\/\/encuentroinformativo.com.mx\/index.php?rest_route=%2Fwp%2Fv2%2Ftags&post=45810"}],"curies":[{"name":"wp","href":"https:\/\/api.w.org\/{rel}","templated":true}]}}