{"id":45823,"date":"2023-09-28T12:20:34","date_gmt":"2023-09-28T18:20:34","guid":{"rendered":"https:\/\/encuentroinformativo.com.mx\/?p=45823"},"modified":"2023-09-28T12:20:38","modified_gmt":"2023-09-28T18:20:38","slug":"y-el-potro-vocero-de-movimiento-chucho-el-roto-tambien-busca-candidatura-de-la-4t","status":"publish","type":"post","link":"https:\/\/encuentroinformativo.com.mx\/?p=45823","title":{"rendered":"\u00bfY el potro?, Vocero de movimiento &#8216;Chucho el roto&#8217; tambi\u00e9n busca candidatura de la 4T"},"content":{"rendered":"\n<p><strong>Dar\u00edo Pale <\/strong><\/p>\n\n\n\n<p>Xalapa, Ver.- Tambi\u00e9n se registra para la candidatura de Morena el vocero del movimiento de Chucho El Roto, que busca la disminuci\u00f3n de las tarifas el\u00e9ctricas, Jorge Morales Barradas, como aspirante a la Coordinaci\u00f3n estatal para la defensa de la cuarta transformaci\u00f3n en Veracruz.<\/p>\n\n\n\n<p>En conferencia de prensa, primero critic\u00f3 a todos aquellos actores pol\u00edticos, diputados federales o servidores p\u00fablicos que se registraron, por usar como bandera pol\u00edtica la disminuci\u00f3n de las tarifas de energ\u00eda el\u00e9ctrica.<\/p>\n\n\n\n<p>Dijo que los afiliados al movimiento le pidieron que todos esos actores pol\u00edticos no le tomen el pelo a Veracruz.<\/p>\n\n\n\n<p>&#8220;Que han estado en el Congreso y no menciono ninguno de los nombres, pero esto es como cuando vas de cacer\u00eda, o van a cazar patos a alguna laguna con el puro hecho de tirarle van a pegar a quien sea, porque son muchos los que est\u00e1n expresando este tema&#8221;, se\u00f1al\u00f3.<\/p>\n\n\n\n<p>Dijo que no entiende c\u00f3mo muchos de esos que han tenido la tribuna y el trabajo de modificar las leyes de este pa\u00eds, no lo han hecho para bajar las tarifas de energ\u00eda el\u00e9ctrica.<\/p>\n\n\n\n<p>&#8220;Por qu\u00e9 alguien, sin decir ning\u00fan nombre, se atreve a decir que ahora s\u00ed van a bajar las tarifas, que ahora s\u00ed Veracruz va a tener esa reclasificaci\u00f3n&#8221;, coment\u00f3.<\/p>\n\n\n\n<p>Morales Barradas lament\u00f3 que por las altas tarifas muchos negocios est\u00e1n cerrando y las personas tienen que decidir entre pagar la luz o darle de comer a su familia.<\/p>\n\n\n\n<p>Ah\u00ed consider\u00f3 que eso es inhumano, por lo que el movimiento del Chucho El Roto sigue clamando por las familias de Veracruz.<\/p>\n\n\n\n<p>Fue as\u00ed que anunci\u00f3 su aspiraci\u00f3n y su registro como aspirante a la Coordinaci\u00f3n Estatal de la Defensa de la Cuarta Transformaci\u00f3n.<\/p>\n\n\n\n<p>&#8220;Yo creo no hay respeto al ciudadano, a las familias, as\u00ed lo considero como vocero de las expresiones de lucha social en el Estado&#8221;, acus\u00f3.<\/p>\n\n\n\n<p>Finalmente dio a conocer que, &#8220;de hecho quiero comentarles&#8230; somos una expresi\u00f3n social y nos registramos como una expresi\u00f3n social, como una voz alterna del pueblo para coordinar los trabajos de la transformaci\u00f3n en Veracruz&#8221;.<\/p>\n","protected":false},"excerpt":{"rendered":"<p>Dar\u00edo Pale Xalapa, Ver.- Tambi\u00e9n se registra para la candidatura de Morena el vocero del movimiento de Chucho El Roto, que busca la disminuci\u00f3n de las tarifas el\u00e9ctricas, Jorge Morales Barradas, como aspirante a la Coordinaci\u00f3n estatal para la defensa de la cuarta transformaci\u00f3n en Veracruz. En conferencia de prensa, primero critic\u00f3 a todos aquellos [&hellip;]<\/p>\n","protected":false},"author":2476,"featured_media":45824,"comment_status":"open","ping_status":"open","sticky":false,"template":"","format":"standard","meta":{"_jetpack_memberships_contains_paid_content":false,"footnotes":""},"categories":[2],"tags":[],"class_list":["post-45823","post","type-post","status-publish","format-standard","has-post-thumbnail","hentry","category-estado"],"jetpack_featured_media_url":"https:\/\/encuentroinformativo.com.mx\/wp-content\/uploads\/2023\/09\/IMG-20230928-WA0011-1.jpg","jetpack_sharing_enabled":true,"jetpack_likes_enabled":true,"amp_enabled":true,"_links":{"self":[{"href":"https:\/\/encuentroinformativo.com.mx\/index.php?rest_route=\/wp\/v2\/posts\/45823","targetHints":{"allow":["GET"]}}],"collection":[{"href":"https:\/\/encuentroinformativo.com.mx\/index.php?rest_route=\/wp\/v2\/posts"}],"about":[{"href":"https:\/\/encuentroinformativo.com.mx\/index.php?rest_route=\/wp\/v2\/types\/post"}],"author":[{"embeddable":true,"href":"https:\/\/encuentroinformativo.com.mx\/index.php?rest_route=\/wp\/v2\/users\/2476"}],"replies":[{"embeddable":true,"href":"https:\/\/encuentroinformativo.com.mx\/index.php?rest_route=%2Fwp%2Fv2%2Fcomments&post=45823"}],"version-history":[{"count":1,"href":"https:\/\/encuentroinformativo.com.mx\/index.php?rest_route=\/wp\/v2\/posts\/45823\/revisions"}],"predecessor-version":[{"id":45825,"href":"https:\/\/encuentroinformativo.com.mx\/index.php?rest_route=\/wp\/v2\/posts\/45823\/revisions\/45825"}],"wp:featuredmedia":[{"embeddable":true,"href":"https:\/\/encuentroinformativo.com.mx\/index.php?rest_route=\/wp\/v2\/media\/45824"}],"wp:attachment":[{"href":"https:\/\/encuentroinformativo.com.mx\/index.php?rest_route=%2Fwp%2Fv2%2Fmedia&parent=45823"}],"wp:term":[{"taxonomy":"category","embeddable":true,"href":"https:\/\/encuentroinformativo.com.mx\/index.php?rest_route=%2Fwp%2Fv2%2Fcategories&post=45823"},{"taxonomy":"post_tag","embeddable":true,"href":"https:\/\/encuentroinformativo.com.mx\/index.php?rest_route=%2Fwp%2Fv2%2Ftags&post=45823"}],"curies":[{"name":"wp","href":"https:\/\/api.w.org\/{rel}","templated":true}]}}