{"id":45826,"date":"2023-09-28T13:17:16","date_gmt":"2023-09-28T19:17:16","guid":{"rendered":"https:\/\/encuentroinformativo.com.mx\/?p=45826"},"modified":"2023-09-28T13:17:19","modified_gmt":"2023-09-28T19:17:19","slug":"uv-firmara-comodato-para-que-ex-penal-de-allende-se-convierta-en-facultad-de-artes-rector","status":"publish","type":"post","link":"https:\/\/encuentroinformativo.com.mx\/?p=45826","title":{"rendered":"UV firmar\u00e1 comodato para que ex penal de Allende se convierta en Facultad de Artes: Rector"},"content":{"rendered":"\n<p><strong>Alejandro \u00c1vila<\/strong><\/p>\n\n\n\n<p>Boca del R\u00edo, Ver. &#8211; En estos d\u00edas el Ayuntamiento de Veracruz dar\u00e1 en comodato el ex Penal de Allende a la Universidad Veracruzana, para que este recinto se convierta en un futuro en la Facultad de Artes, inform\u00f3 el rector, Mart\u00edn Aguilar S\u00e1nchez.<\/p>\n\n\n\n<p>Explic\u00f3 que est\u00e9 comodato le permitir\u00e1 a la UV recibir las instalaciones e iniciar con los trabajos de rehabilitaci\u00f3n del edificio que actualmente en estado de abandono, por lo que ser\u00e1 costoso debido a sus condiciones.<\/p>\n\n\n\n<p>\u201cNo podemos terminarla de manera inmediata, todav\u00eda viene un proceso. Vamos a firmar en estos d\u00edas c\u00f3mo recibimos el penal\u201d, dijo.<\/p>\n\n\n\n<p>El rector, detall\u00f3 que el proyecto es a mediano y largo plazo, ya que se necesitar\u00e1n una gran cantidad de recursos.<\/p>\n\n\n\n<p>\u201cVamos a hacer un fideicomiso para que nos apoye la iniciativa privada, para avanzar en este proyecto\u201d, dijo.<\/p>\n\n\n\n<p>En el tema de los recursos, Aguilar S\u00e1nchez, mencion\u00f3 que hasta el momento se desconocen cu\u00e1nto se destinar\u00e1 para la rehabilitaci\u00f3n del ex penal.<\/p>\n\n\n\n<p>En ese sentido, dijo que primero se llevar\u00e1 a cabo un an\u00e1lisis de c\u00f3mo se encuentran las instalaciones.<\/p>\n\n\n\n<p>Adem\u00e1s de que buscar\u00e1n la participaci\u00f3n del sector empresarial, para que invierta recursos.<\/p>\n","protected":false},"excerpt":{"rendered":"<p>Alejandro \u00c1vila Boca del R\u00edo, Ver. &#8211; En estos d\u00edas el Ayuntamiento de Veracruz dar\u00e1 en comodato el ex Penal de Allende a la Universidad Veracruzana, para que este recinto se convierta en un futuro en la Facultad de Artes, inform\u00f3 el rector, Mart\u00edn Aguilar S\u00e1nchez. Explic\u00f3 que est\u00e9 comodato le permitir\u00e1 a la UV [&hellip;]<\/p>\n","protected":false},"author":2476,"featured_media":45827,"comment_status":"open","ping_status":"open","sticky":false,"template":"","format":"standard","meta":{"_jetpack_memberships_contains_paid_content":false,"footnotes":""},"categories":[2],"tags":[],"class_list":["post-45826","post","type-post","status-publish","format-standard","has-post-thumbnail","hentry","category-estado"],"jetpack_featured_media_url":"https:\/\/encuentroinformativo.com.mx\/wp-content\/uploads\/2023\/09\/IMG-20230928-WA0082.jpg","jetpack_sharing_enabled":true,"jetpack_likes_enabled":true,"amp_enabled":true,"_links":{"self":[{"href":"https:\/\/encuentroinformativo.com.mx\/index.php?rest_route=\/wp\/v2\/posts\/45826","targetHints":{"allow":["GET"]}}],"collection":[{"href":"https:\/\/encuentroinformativo.com.mx\/index.php?rest_route=\/wp\/v2\/posts"}],"about":[{"href":"https:\/\/encuentroinformativo.com.mx\/index.php?rest_route=\/wp\/v2\/types\/post"}],"author":[{"embeddable":true,"href":"https:\/\/encuentroinformativo.com.mx\/index.php?rest_route=\/wp\/v2\/users\/2476"}],"replies":[{"embeddable":true,"href":"https:\/\/encuentroinformativo.com.mx\/index.php?rest_route=%2Fwp%2Fv2%2Fcomments&post=45826"}],"version-history":[{"count":1,"href":"https:\/\/encuentroinformativo.com.mx\/index.php?rest_route=\/wp\/v2\/posts\/45826\/revisions"}],"predecessor-version":[{"id":45828,"href":"https:\/\/encuentroinformativo.com.mx\/index.php?rest_route=\/wp\/v2\/posts\/45826\/revisions\/45828"}],"wp:featuredmedia":[{"embeddable":true,"href":"https:\/\/encuentroinformativo.com.mx\/index.php?rest_route=\/wp\/v2\/media\/45827"}],"wp:attachment":[{"href":"https:\/\/encuentroinformativo.com.mx\/index.php?rest_route=%2Fwp%2Fv2%2Fmedia&parent=45826"}],"wp:term":[{"taxonomy":"category","embeddable":true,"href":"https:\/\/encuentroinformativo.com.mx\/index.php?rest_route=%2Fwp%2Fv2%2Fcategories&post=45826"},{"taxonomy":"post_tag","embeddable":true,"href":"https:\/\/encuentroinformativo.com.mx\/index.php?rest_route=%2Fwp%2Fv2%2Ftags&post=45826"}],"curies":[{"name":"wp","href":"https:\/\/api.w.org\/{rel}","templated":true}]}}