{"id":45838,"date":"2023-09-28T10:54:07","date_gmt":"2023-09-28T16:54:07","guid":{"rendered":"https:\/\/encuentroinformativo.com.mx\/?p=45838"},"modified":"2023-09-28T14:54:41","modified_gmt":"2023-09-28T20:54:41","slug":"smv-solicita-a-gobierno-no-anunciar-fechas-de-pagos-para-evitar-extorsiones","status":"publish","type":"post","link":"https:\/\/encuentroinformativo.com.mx\/?p=45838","title":{"rendered":"SMV solicita a Gobierno no anunciar fechas de pagos para evitar extorsiones"},"content":{"rendered":"\n<p><strong>Dar\u00edo Pale <\/strong><\/p>\n\n\n\n<p>Xalapa, Ver.- Hacen un llamado al gobierno de Veracruz y a la Secretar\u00eda de Educaci\u00f3n, a que no anuncien p\u00fablicamente las fechas de pagos de prestaciones de diciembre ante el temor de ser extorsionados o asaltados por los delincuentes, as\u00ed lo solicit\u00f3 Ram\u00f3n Dom\u00ednguez Polo, secretario general del Sindicato Magisterial Veracruzano (SMV).<\/p>\n\n\n\n<p>En entrevista se\u00f1al\u00f3 que para evitar violencia, el sindicato magisterial pide no anunciar aguinaldos, explic\u00f3 que el a\u00f1o pasado se registr\u00f3, en su organizaci\u00f3n sindical, un caso en donde un maestro fue amenazado en la sierra de Mecacalco, en el municipio de Altotonga.<\/p>\n\n\n\n<p>&#8220;S\u00ed lo tememos (asaltos), pero ah\u00ed le pedimos a la Secretar\u00eda de Educaci\u00f3n&#8230;es que la Secretar\u00eda y el Gobierno anuncian se les va a pagar en tal fecha, que est\u00e1n cumpliendo&#8221;, se\u00f1al\u00f3.<\/p>\n\n\n\n<p>&#8220;Lo que nosotros les pedimos es que s\u00ed que lo ventilen, pero que haya pasado una semana por lo menos, para que cuando ellos vean ya se le pag\u00f3 al docente, no que anuncian y todo mundo est\u00e1 en alerta&#8221;, agreg\u00f3 y pidi\u00f3 una planeaci\u00f3n para evitar ese tipo de afectaciones.<\/p>\n\n\n\n<p>El l\u00edder magisterial coment\u00f3 que al docente que amenazaron lo sacaron de la zona, fingi\u00f3 una enfermedad y mandaron a otro en su lugar.<\/p>\n\n\n\n<p>En ese sentido, dijo que temen que para este mes de diciembre se vuelva a presentar alguna situaci\u00f3n similar, ya que el Gobierno anuncia los pagos millonarios para todos.<\/p>\n\n\n\n<p>Finalmente coment\u00f3 que, &#8220;hay que hacerlo de manera discreta, es lo que uno pedir\u00eda para proteger al docente&#8221;.<\/p>\n","protected":false},"excerpt":{"rendered":"<p>Dar\u00edo Pale Xalapa, Ver.- Hacen un llamado al gobierno de Veracruz y a la Secretar\u00eda de Educaci\u00f3n, a que no anuncien p\u00fablicamente las fechas de pagos de prestaciones de diciembre ante el temor de ser extorsionados o asaltados por los delincuentes, as\u00ed lo solicit\u00f3 Ram\u00f3n Dom\u00ednguez Polo, secretario general del Sindicato Magisterial Veracruzano (SMV). En [&hellip;]<\/p>\n","protected":false},"author":2476,"featured_media":45839,"comment_status":"open","ping_status":"open","sticky":false,"template":"","format":"standard","meta":{"_jetpack_memberships_contains_paid_content":false,"footnotes":""},"categories":[2],"tags":[],"class_list":["post-45838","post","type-post","status-publish","format-standard","has-post-thumbnail","hentry","category-estado"],"jetpack_featured_media_url":"https:\/\/encuentroinformativo.com.mx\/wp-content\/uploads\/2023\/09\/IMG-20230928-WA00892.jpg","jetpack_sharing_enabled":true,"jetpack_likes_enabled":true,"amp_enabled":true,"_links":{"self":[{"href":"https:\/\/encuentroinformativo.com.mx\/index.php?rest_route=\/wp\/v2\/posts\/45838","targetHints":{"allow":["GET"]}}],"collection":[{"href":"https:\/\/encuentroinformativo.com.mx\/index.php?rest_route=\/wp\/v2\/posts"}],"about":[{"href":"https:\/\/encuentroinformativo.com.mx\/index.php?rest_route=\/wp\/v2\/types\/post"}],"author":[{"embeddable":true,"href":"https:\/\/encuentroinformativo.com.mx\/index.php?rest_route=\/wp\/v2\/users\/2476"}],"replies":[{"embeddable":true,"href":"https:\/\/encuentroinformativo.com.mx\/index.php?rest_route=%2Fwp%2Fv2%2Fcomments&post=45838"}],"version-history":[{"count":1,"href":"https:\/\/encuentroinformativo.com.mx\/index.php?rest_route=\/wp\/v2\/posts\/45838\/revisions"}],"predecessor-version":[{"id":45840,"href":"https:\/\/encuentroinformativo.com.mx\/index.php?rest_route=\/wp\/v2\/posts\/45838\/revisions\/45840"}],"wp:featuredmedia":[{"embeddable":true,"href":"https:\/\/encuentroinformativo.com.mx\/index.php?rest_route=\/wp\/v2\/media\/45839"}],"wp:attachment":[{"href":"https:\/\/encuentroinformativo.com.mx\/index.php?rest_route=%2Fwp%2Fv2%2Fmedia&parent=45838"}],"wp:term":[{"taxonomy":"category","embeddable":true,"href":"https:\/\/encuentroinformativo.com.mx\/index.php?rest_route=%2Fwp%2Fv2%2Fcategories&post=45838"},{"taxonomy":"post_tag","embeddable":true,"href":"https:\/\/encuentroinformativo.com.mx\/index.php?rest_route=%2Fwp%2Fv2%2Ftags&post=45838"}],"curies":[{"name":"wp","href":"https:\/\/api.w.org\/{rel}","templated":true}]}}