{"id":45841,"date":"2023-09-28T14:57:41","date_gmt":"2023-09-28T20:57:41","guid":{"rendered":"https:\/\/encuentroinformativo.com.mx\/?p=45841"},"modified":"2023-09-28T14:57:45","modified_gmt":"2023-09-28T20:57:45","slug":"boca-del-rio-sede-de-carrera-de-aniversario-del-ipn","status":"publish","type":"post","link":"https:\/\/encuentroinformativo.com.mx\/?p=45841","title":{"rendered":"Boca del R\u00edo sede de carrera de aniversario del IPN"},"content":{"rendered":"\n<p><strong>Alejandro \u00c1vila<\/strong><\/p>\n\n\n\n<p>Boca del R\u00edo, Ver.- El municipio de Boca del R\u00edo fue una de las sedes elegidas por el Instituto Polit\u00e9cnico Nacional (IPN) para celebrar la carrera deportiva por su 87 aniversario.<\/p>\n\n\n\n<p>El estado de Veracruz tendr\u00e1 cuatro ciudades donde se realicen estos eventos deportivos, en Papantla el 7 y 8 de octubre, Boca del R\u00edo el 8 de octubre, Tuxpan 8 de octubre y Poza Rica el 26 de noviembre.<\/p>\n\n\n\n<p>&#8220;Como Boca del R\u00edo ya se ha elegido como un destino aparte de tur\u00edstico deportivo, entonces podr\u00edamos llevarnos la sorpresa de que haya una participaci\u00f3n mucho mayor, y de otras ciudades del estado y otras ciudades del pa\u00eds, cuando hay una competencia deportiva Boca del R\u00edo, gente del Estado de Tlaxcala, del Estado de Puebla, de la Ciudad de M\u00e9xico pues se acercan aprovechando la carrera a pasar el fin de semana en Boca&#8221;, destac\u00f3 el alcalde, Juan Manuel Unanue Abascal.<\/p>\n\n\n\n<p>Se estima que puedan participar en este evento alrededor de mil atletas en las modalidades de 5 y 11 kilometros, mismas que tendr\u00e1n como punto de salida el Foro Boca, y donde corporaciones como, Tr\u00e1nsito Municipal, Protecci\u00f3n Civil y la direcci\u00f3n de Gobernaci\u00f3n, estar\u00e1n pendientes de dar las facilidades para la justa deportiva.<\/p>\n\n\n\n<p>En otro tema, record\u00f3 que este viernes 29 y s\u00e1bado 30 de septiembre iniciar\u00e1 el programa &#8220;Caf\u00e9 con Causa&#8221;, donde lo recaudado en caf\u00e9s americanos, lecheros, champolas y canillas en el Caf\u00e9 de la Parroquia del bulevar &#8220;Adolfo Ruiz Cortines&#8221;, ser\u00e1 donado al DIF Municipal de Boca del R\u00edo para pagar mastograf\u00edas a mujeres en el marco del Mes Rosa.<\/p>\n\n\n\n<p>&#8220;Si no mal recuerdo fueron un poquito m\u00e1s de 80 mil pesos, este a\u00f1o esperemos que sea m\u00e1s de lo doble por ser dos d\u00edas&#8221;, culmin\u00f3.<\/p>\n","protected":false},"excerpt":{"rendered":"<p>Alejandro \u00c1vila Boca del R\u00edo, Ver.- El municipio de Boca del R\u00edo fue una de las sedes elegidas por el Instituto Polit\u00e9cnico Nacional (IPN) para celebrar la carrera deportiva por su 87 aniversario. El estado de Veracruz tendr\u00e1 cuatro ciudades donde se realicen estos eventos deportivos, en Papantla el 7 y 8 de octubre, Boca [&hellip;]<\/p>\n","protected":false},"author":2476,"featured_media":45842,"comment_status":"open","ping_status":"open","sticky":false,"template":"","format":"standard","meta":{"_jetpack_memberships_contains_paid_content":false,"footnotes":""},"categories":[2],"tags":[],"class_list":["post-45841","post","type-post","status-publish","format-standard","has-post-thumbnail","hentry","category-estado"],"jetpack_featured_media_url":"https:\/\/encuentroinformativo.com.mx\/wp-content\/uploads\/2023\/09\/IMG-20230928-WA00902.jpg","jetpack_sharing_enabled":true,"jetpack_likes_enabled":true,"amp_enabled":true,"_links":{"self":[{"href":"https:\/\/encuentroinformativo.com.mx\/index.php?rest_route=\/wp\/v2\/posts\/45841","targetHints":{"allow":["GET"]}}],"collection":[{"href":"https:\/\/encuentroinformativo.com.mx\/index.php?rest_route=\/wp\/v2\/posts"}],"about":[{"href":"https:\/\/encuentroinformativo.com.mx\/index.php?rest_route=\/wp\/v2\/types\/post"}],"author":[{"embeddable":true,"href":"https:\/\/encuentroinformativo.com.mx\/index.php?rest_route=\/wp\/v2\/users\/2476"}],"replies":[{"embeddable":true,"href":"https:\/\/encuentroinformativo.com.mx\/index.php?rest_route=%2Fwp%2Fv2%2Fcomments&post=45841"}],"version-history":[{"count":1,"href":"https:\/\/encuentroinformativo.com.mx\/index.php?rest_route=\/wp\/v2\/posts\/45841\/revisions"}],"predecessor-version":[{"id":45843,"href":"https:\/\/encuentroinformativo.com.mx\/index.php?rest_route=\/wp\/v2\/posts\/45841\/revisions\/45843"}],"wp:featuredmedia":[{"embeddable":true,"href":"https:\/\/encuentroinformativo.com.mx\/index.php?rest_route=\/wp\/v2\/media\/45842"}],"wp:attachment":[{"href":"https:\/\/encuentroinformativo.com.mx\/index.php?rest_route=%2Fwp%2Fv2%2Fmedia&parent=45841"}],"wp:term":[{"taxonomy":"category","embeddable":true,"href":"https:\/\/encuentroinformativo.com.mx\/index.php?rest_route=%2Fwp%2Fv2%2Fcategories&post=45841"},{"taxonomy":"post_tag","embeddable":true,"href":"https:\/\/encuentroinformativo.com.mx\/index.php?rest_route=%2Fwp%2Fv2%2Ftags&post=45841"}],"curies":[{"name":"wp","href":"https:\/\/api.w.org\/{rel}","templated":true}]}}