{"id":45844,"date":"2023-09-28T19:08:41","date_gmt":"2023-09-29T01:08:41","guid":{"rendered":"https:\/\/encuentroinformativo.com.mx\/?p=45844"},"modified":"2023-09-28T19:08:47","modified_gmt":"2023-09-29T01:08:47","slug":"reclaman-feministas-acceso-digno-a-aborto-seguro","status":"publish","type":"post","link":"https:\/\/encuentroinformativo.com.mx\/?p=45844","title":{"rendered":"Reclaman feministas acceso digno a aborto seguro"},"content":{"rendered":"\n<p><strong>Dar\u00edo Pale <\/strong><\/p>\n\n\n\n<p>Xalapa, Ver.- A dos a\u00f1os de la despenalizaci\u00f3n del aborto en el estado de Veracruz, no ha garantizado para ninguna mujer, ni\u00f1a o adolescente un acceso digno a un aborto seguro, por lo cual diferentes grupos marcharon por las principales calles de la capital y se manifestaron en la plaza Lerdo, el cual fue convocado por el colectivo Medusa\u00a0<\/p>\n\n\n\n<p>Durante un pronunciamiento realizado en el monumento a la madre se\u00f1alaron &#8220;estamos aqu\u00ed para denunciar la ineficiencia del estado en garantizar y poner fin a la criminalizaci\u00f3n, el estigma que sufren las mujeres&#8221;.<\/p>\n\n\n\n<p>Dieron a conocer que en Veracruz, como en muchos sitios, hay obst\u00e1culos inaceptables cuando buscan acceder a un aborto seguro, la burocracia y la falta de acceso a los servicios m\u00e9dicos adecuados ponen en peligro la vida y la salud de las mujeres lo cual es inaceptable.<\/p>\n\n\n\n<p>&#8220;Las mujeres no deber\u00edan ser forzadas a poner en riesgo sus vidas y su bienestar, solo porque el Estado no cumple con su responsabilidad de garantizar el acceso m\u00e9dico seguro&#8221;, se\u00f1alaron.<\/p>\n\n\n\n<p>La criminalizaci\u00f3n del aborto en Veracruz perpetua un ciclo de estigmatizaci\u00f3n de las mujeres, en lugar de recibir el apoyo y la atenci\u00f3n que necesita, las mujeres son tratadas como criminales, esto crea un ambiente en el que las mujeres se sienten avergonzadas \u00a0y temerosas de buscar ayuda, ninguna deber\u00eda ser criminalizada por tomar decisiones sobre su propio cuerpo.<\/p>\n\n\n\n<p>&#8220;Basta de un estado que nos abandona y nos condena a la clandestinidad, basta de la revictimizaci\u00f3n de las mujeres que ya enfrentan una decisi\u00f3n tan dif\u00edcil, exigimos que el estado cumpla con su deber de acceder a un aborto seguro, legal y gratuito, exigimos que se elimine y se ponga fin a la estima que rodea a la decisi\u00f3n personal, exigimos que se respeten nuestros derechos y se nos trate con dignidad, exigimos protocolos claros y seguros con las mujeres que deciden abortar&#8221;, comentaron.<\/p>\n\n\n\n<p>Denunciaron la negligencia de lo que debe ser un aborto seguro, ellas no van a esconder la rabia, no la van a convertir en verg\u00fcenza ni en propuestas que permitan convencer a los varones sexistas que intentan seguir manteniendo el control de los cuerpos.<\/p>\n\n\n\n<p>Finalmente se\u00f1alaron que Veracruz no tiene aborto seguro, pidieron que saquen sus doctrinas de sus vaginas, &#8220;sin aborto legal despadres que se va armar, les cerramos las calles y les quemamos la catedral&#8221;.<\/p>\n\n\n\n<figure class=\"wp-block-image size-large\"><img loading=\"lazy\" decoding=\"async\" width=\"768\" height=\"1024\" src=\"https:\/\/encuentroinformativo.com.mx\/wp-content\/uploads\/2023\/09\/IMG-20230928-WA0170-768x1024.jpg\" alt=\"\" class=\"wp-image-45846\" srcset=\"https:\/\/encuentroinformativo.com.mx\/wp-content\/uploads\/2023\/09\/IMG-20230928-WA0170-768x1024.jpg 768w, https:\/\/encuentroinformativo.com.mx\/wp-content\/uploads\/2023\/09\/IMG-20230928-WA0170-225x300.jpg 225w, https:\/\/encuentroinformativo.com.mx\/wp-content\/uploads\/2023\/09\/IMG-20230928-WA0170.jpg 864w\" sizes=\"auto, (max-width: 768px) 100vw, 768px\" \/><\/figure>\n","protected":false},"excerpt":{"rendered":"<p>Dar\u00edo Pale Xalapa, Ver.- A dos a\u00f1os de la despenalizaci\u00f3n del aborto en el estado de Veracruz, no ha garantizado para ninguna mujer, ni\u00f1a o adolescente un acceso digno a un aborto seguro, por lo cual diferentes grupos marcharon por las principales calles de la capital y se manifestaron en la plaza Lerdo, el cual [&hellip;]<\/p>\n","protected":false},"author":2476,"featured_media":45845,"comment_status":"open","ping_status":"open","sticky":false,"template":"","format":"standard","meta":{"_jetpack_memberships_contains_paid_content":false,"footnotes":""},"categories":[3],"tags":[],"class_list":["post-45844","post","type-post","status-publish","format-standard","has-post-thumbnail","hentry","category-xalapa"],"jetpack_featured_media_url":"https:\/\/encuentroinformativo.com.mx\/wp-content\/uploads\/2023\/09\/IMG-20230928-WA0166.jpg","jetpack_sharing_enabled":true,"jetpack_likes_enabled":true,"amp_enabled":true,"_links":{"self":[{"href":"https:\/\/encuentroinformativo.com.mx\/index.php?rest_route=\/wp\/v2\/posts\/45844","targetHints":{"allow":["GET"]}}],"collection":[{"href":"https:\/\/encuentroinformativo.com.mx\/index.php?rest_route=\/wp\/v2\/posts"}],"about":[{"href":"https:\/\/encuentroinformativo.com.mx\/index.php?rest_route=\/wp\/v2\/types\/post"}],"author":[{"embeddable":true,"href":"https:\/\/encuentroinformativo.com.mx\/index.php?rest_route=\/wp\/v2\/users\/2476"}],"replies":[{"embeddable":true,"href":"https:\/\/encuentroinformativo.com.mx\/index.php?rest_route=%2Fwp%2Fv2%2Fcomments&post=45844"}],"version-history":[{"count":1,"href":"https:\/\/encuentroinformativo.com.mx\/index.php?rest_route=\/wp\/v2\/posts\/45844\/revisions"}],"predecessor-version":[{"id":45847,"href":"https:\/\/encuentroinformativo.com.mx\/index.php?rest_route=\/wp\/v2\/posts\/45844\/revisions\/45847"}],"wp:featuredmedia":[{"embeddable":true,"href":"https:\/\/encuentroinformativo.com.mx\/index.php?rest_route=\/wp\/v2\/media\/45845"}],"wp:attachment":[{"href":"https:\/\/encuentroinformativo.com.mx\/index.php?rest_route=%2Fwp%2Fv2%2Fmedia&parent=45844"}],"wp:term":[{"taxonomy":"category","embeddable":true,"href":"https:\/\/encuentroinformativo.com.mx\/index.php?rest_route=%2Fwp%2Fv2%2Fcategories&post=45844"},{"taxonomy":"post_tag","embeddable":true,"href":"https:\/\/encuentroinformativo.com.mx\/index.php?rest_route=%2Fwp%2Fv2%2Ftags&post=45844"}],"curies":[{"name":"wp","href":"https:\/\/api.w.org\/{rel}","templated":true}]}}