{"id":45855,"date":"2023-09-28T21:57:59","date_gmt":"2023-09-29T03:57:59","guid":{"rendered":"https:\/\/encuentroinformativo.com.mx\/?p=45855"},"modified":"2023-09-28T21:58:03","modified_gmt":"2023-09-29T03:58:03","slug":"anuncia-alcalde-jm-unanue-a-boca-del-rio-como-sede-de-la-carrera-ipn-once-k","status":"publish","type":"post","link":"https:\/\/encuentroinformativo.com.mx\/?p=45855","title":{"rendered":"Anuncia Alcalde JM Un\u00e1nue a Boca del R\u00edo como sede de la Carrera IPN Once K"},"content":{"rendered":"\n<ul class=\"wp-block-list\"><li><strong><em>Se llevar\u00e1 a cabo el pr\u00f3ximo 8 de octubre en el bulevar Vicente Fox en la modalidad 5K y 11K<\/em>.<\/strong><\/li><\/ul>\n\n\n\n<ul class=\"wp-block-list\"><li><strong><em>A partir del lunes 02 de octubre se podr\u00e1n inscribir en el m\u00f3dulo ubicado en la explanada del Foro Boca en horario de 17 a 20 horas<\/em>.<\/strong><\/li><\/ul>\n\n\n\n<p>Boca del R\u00edo, Ver.- Boca del R\u00edo se suma a las sedes de la tradicional carrera IPN Once K que se llevar\u00e1 a cabo el 8 de octubre en el bulevar Vicente Fox como parte de la celebraci\u00f3n del 87 aniversario del Instituto Polit\u00e9cnico Nacional (IPN), confirmando con ello a la ciudad como un destino indispensable para el turismo deportivo en el pa\u00eds.<\/p>\n\n\n\n<p>En la presentaci\u00f3n ante medios de comunicaci\u00f3n, el alcalde Juan Manuel Un\u00e1nue Abascal dijo que es un gusto que se hayan fijado en Boca del R\u00edo, ya que el municipio lo tiene todo para recibirlos como son los espacios p\u00fablicos, bulevares, infraestructura moderna en la ciudad, hoteles y distintos servicios con la capacidad de atenci\u00f3n de primer nivel.<\/p>\n\n\n\n<p>\u201cEsto lo hemos visto en los dos a\u00f1os de gobierno, en los que recibimos muchos eventos deportivos nacionales e internacionales a lo largo del a\u00f1o y por primera vez en Veracruz, el Instituto Polit\u00e9cnico Nacional elige a Boca del R\u00edo para realizar esta carrera\u201d, destac\u00f3 Un\u00e1nue Abascal.<\/p>\n\n\n\n<p>Adem\u00e1s de ser un polo tur\u00edstico, Boca del R\u00edo se ha convertido en un destino preferencial para los eventos de distintas disciplinas deportivas, lo que genera una importante derrama econ\u00f3mica con visitantes principalmente de la Ciudad de M\u00e9xico, Puebla y Tlaxcala, ya sea para realizar deporte o simplemente para disfrutar de un fin de semana.<\/p>\n\n\n\n<p>Por su parte, Mar\u00eda Ang\u00e9lica Hern\u00e1ndez \u00c1vila; Directora del Centro de Innovaci\u00f3n e Integraci\u00f3n de Tecnol\u00f3gicas Avanzadas Unidad Veracruz del Instituto Polit\u00e9cnico Nacional (IPN), inform\u00f3 que adem\u00e1s de ser una carrera, se trata de un recorrido familiar de 5 y 11 kil\u00f3metros sobre el bulevar Vicente Fox, iniciando en el Foro a las 6 a.m.<\/p>\n\n\n\n<p>\u201cImportante Boca del R\u00edo por que quer\u00edamos impulsar mucho el deporte aqu\u00ed en el estado y porque es una sede muy importante, donde sabemos que tienen un reconocimiento muy importante en el tema de maratones y carreras, as\u00ed que buscamos que esta carrera se quede ya institucionalizada\u201d, detall\u00f3 la representante del IPN.<\/p>\n\n\n\n<p>Para esta carrera se espera la participaci\u00f3n de mil corredores quienes con su inscripci\u00f3n oficial podr\u00e1n gozar de distintos beneficios en su Kit: playera y gorra alusiva al evento, medalla, hidrataci\u00f3n a lo largo del recorrido y seguro de corredor.<\/p>\n\n\n\n<p>Para quien desee formar parte de esta importante carrera a nivel nacional, pueden visitar y consultar las bases a trav\u00e9s de la p\u00e1gina de Facebook: Carrera IPN Once K Veracruz o tambi\u00e9n en las redes sociales del Centro: IPN Veracruz (en Facebook) o al tel\u00e9fono 7841341825. A partir del lunes 02 de octubre se podr\u00e1n inscribir en el m\u00f3dulo que se encontrar\u00e1 en la explanada del Foro Boca en horario de 17 a 20 horas.<\/p>\n\n\n\n<p>En este evento estuvieron presentes Paulo Tario Lara; Representante del Sub Secretario de Educaci\u00f3n del estado de Veracruz (SEV), Susana Tiburcio Galicia; S\u00edndica \u00danica y Manuel Ernesto L\u00f3pez Mondrag\u00f3n; Director de Fomento Deportivo.<\/p>\n\n\n\n<p>Cabe destacar que la actual administraci\u00f3n se ha caracterizado por impulsar y fomentar no solo la realizaci\u00f3n de eventos deportivos, sino de todo tipo, por ello, el ayuntamiento de Boca del R\u00edo estar\u00e1 muy pendiente previo, durante y despu\u00e9s de la justa con la participaci\u00f3n de las siguientes \u00e1reas: Protecci\u00f3n Civil Municipal, Tr\u00e1nsito Municipal, as\u00ed como Polic\u00eda Municipal y la Direcci\u00f3n de Fomento Deportivo.<\/p>\n","protected":false},"excerpt":{"rendered":"<p>Se llevar\u00e1 a cabo el pr\u00f3ximo 8 de octubre en el bulevar Vicente Fox en la modalidad 5K y 11K. A partir del lunes 02 de octubre se podr\u00e1n inscribir en el m\u00f3dulo ubicado en la explanada del Foro Boca en horario de 17 a 20 horas. Boca del R\u00edo, Ver.- Boca del R\u00edo se [&hellip;]<\/p>\n","protected":false},"author":2476,"featured_media":45856,"comment_status":"open","ping_status":"open","sticky":false,"template":"","format":"standard","meta":{"_jetpack_memberships_contains_paid_content":false,"footnotes":""},"categories":[2],"tags":[],"class_list":["post-45855","post","type-post","status-publish","format-standard","has-post-thumbnail","hentry","category-estado"],"jetpack_featured_media_url":"https:\/\/encuentroinformativo.com.mx\/wp-content\/uploads\/2023\/09\/IMG-20230928-WA02222.jpg","jetpack_sharing_enabled":true,"jetpack_likes_enabled":true,"amp_enabled":true,"_links":{"self":[{"href":"https:\/\/encuentroinformativo.com.mx\/index.php?rest_route=\/wp\/v2\/posts\/45855","targetHints":{"allow":["GET"]}}],"collection":[{"href":"https:\/\/encuentroinformativo.com.mx\/index.php?rest_route=\/wp\/v2\/posts"}],"about":[{"href":"https:\/\/encuentroinformativo.com.mx\/index.php?rest_route=\/wp\/v2\/types\/post"}],"author":[{"embeddable":true,"href":"https:\/\/encuentroinformativo.com.mx\/index.php?rest_route=\/wp\/v2\/users\/2476"}],"replies":[{"embeddable":true,"href":"https:\/\/encuentroinformativo.com.mx\/index.php?rest_route=%2Fwp%2Fv2%2Fcomments&post=45855"}],"version-history":[{"count":1,"href":"https:\/\/encuentroinformativo.com.mx\/index.php?rest_route=\/wp\/v2\/posts\/45855\/revisions"}],"predecessor-version":[{"id":45857,"href":"https:\/\/encuentroinformativo.com.mx\/index.php?rest_route=\/wp\/v2\/posts\/45855\/revisions\/45857"}],"wp:featuredmedia":[{"embeddable":true,"href":"https:\/\/encuentroinformativo.com.mx\/index.php?rest_route=\/wp\/v2\/media\/45856"}],"wp:attachment":[{"href":"https:\/\/encuentroinformativo.com.mx\/index.php?rest_route=%2Fwp%2Fv2%2Fmedia&parent=45855"}],"wp:term":[{"taxonomy":"category","embeddable":true,"href":"https:\/\/encuentroinformativo.com.mx\/index.php?rest_route=%2Fwp%2Fv2%2Fcategories&post=45855"},{"taxonomy":"post_tag","embeddable":true,"href":"https:\/\/encuentroinformativo.com.mx\/index.php?rest_route=%2Fwp%2Fv2%2Ftags&post=45855"}],"curies":[{"name":"wp","href":"https:\/\/api.w.org\/{rel}","templated":true}]}}