{"id":45858,"date":"2023-09-29T08:49:42","date_gmt":"2023-09-29T14:49:42","guid":{"rendered":"https:\/\/encuentroinformativo.com.mx\/?p=45858"},"modified":"2023-09-29T08:49:47","modified_gmt":"2023-09-29T14:49:47","slug":"definio-morena-veracruz-a-sus-4-aspirantes-a-la-coordinacion-de-la-4t","status":"publish","type":"post","link":"https:\/\/encuentroinformativo.com.mx\/?p=45858","title":{"rendered":"Defini\u00f3 Morena Veracruz a sus 4 aspirantes a la coordinaci\u00f3n de la 4T"},"content":{"rendered":"\n<p><strong>*Dejan fuera a Manuel Huerta y Sergio Guti\u00e9rrez<\/strong>.<\/p>\n\n\n\n<p><strong>Dar\u00edo Pale <\/strong><\/p>\n\n\n\n<p>Xalapa, Ver.- El consejo Estatal de Morena despu\u00e9s de cerca de tres horas defini\u00f3 la lista de quienes son los aspirantes para coordinar la defensa de la 4T y ser\u00e1n definidos mediante una encuesta y los elegidos son, Roc\u00edo Nahle, Claudia Tello por las mujeres y por los hombres Zenyazen Escobar Garc\u00eda y Eric Cisneros Burgos.<\/p>\n\n\n\n<p>El dirigente estatal del partido Estaban Ram\u00edrez Zepeta dio a conocer la votaci\u00f3n la cual fue la siguiente, Roc\u00edo Nahle Garc\u00eda con 123 votos y Claudia Tello con 56 son las mujeres que resultaron electas, Zenyazen Escobar Garc\u00eda con 96 votos y Eric Cisneros Burgos con 67 son los hombres que m\u00e1s votos obtuvieron.<\/p>\n\n\n\n<p>La sesi\u00f3n dur\u00f3 cerca de tres horas, y fue presidida por la presidenta del Consejo Estatal de Morena en Veracruz, Dhoreny Garc\u00eda Cayetano, acompa\u00f1ada del dirigente estatal de Morena en Veracruz, Esteban Ram\u00edrez Zepeta.<\/p>\n\n\n\n<p>Este \u00faltimo explic\u00f3 que faltan los perfiles que decida la Comisi\u00f3n Nacional de Elecciones de dicho partido para que el 30 de octubre se defina al ganador o ganadora de la encuesta. De acuerdo a la convocatoria, pueden ser seis aspirantes o m\u00e1s.\u00a0<\/p>\n\n\n\n<p>Al final de esta jornada destac\u00f3 que el proceso se dio en orden y bajo la normatividad, adem\u00e1s de que cont\u00f3 con una representaci\u00f3n de la Comisi\u00f3n de Elecciones, del consejo nacional quien valido dicha elecci\u00f3n.<\/p>\n","protected":false},"excerpt":{"rendered":"<p>*Dejan fuera a Manuel Huerta y Sergio Guti\u00e9rrez. Dar\u00edo Pale Xalapa, Ver.- El consejo Estatal de Morena despu\u00e9s de cerca de tres horas defini\u00f3 la lista de quienes son los aspirantes para coordinar la defensa de la 4T y ser\u00e1n definidos mediante una encuesta y los elegidos son, Roc\u00edo Nahle, Claudia Tello por las mujeres [&hellip;]<\/p>\n","protected":false},"author":2476,"featured_media":45859,"comment_status":"open","ping_status":"open","sticky":false,"template":"","format":"standard","meta":{"_jetpack_memberships_contains_paid_content":false,"footnotes":""},"categories":[2],"tags":[],"class_list":["post-45858","post","type-post","status-publish","format-standard","has-post-thumbnail","hentry","category-estado"],"jetpack_featured_media_url":"https:\/\/encuentroinformativo.com.mx\/wp-content\/uploads\/2023\/09\/IMG-20230928-WA0241.jpg","jetpack_sharing_enabled":true,"jetpack_likes_enabled":true,"amp_enabled":true,"_links":{"self":[{"href":"https:\/\/encuentroinformativo.com.mx\/index.php?rest_route=\/wp\/v2\/posts\/45858","targetHints":{"allow":["GET"]}}],"collection":[{"href":"https:\/\/encuentroinformativo.com.mx\/index.php?rest_route=\/wp\/v2\/posts"}],"about":[{"href":"https:\/\/encuentroinformativo.com.mx\/index.php?rest_route=\/wp\/v2\/types\/post"}],"author":[{"embeddable":true,"href":"https:\/\/encuentroinformativo.com.mx\/index.php?rest_route=\/wp\/v2\/users\/2476"}],"replies":[{"embeddable":true,"href":"https:\/\/encuentroinformativo.com.mx\/index.php?rest_route=%2Fwp%2Fv2%2Fcomments&post=45858"}],"version-history":[{"count":1,"href":"https:\/\/encuentroinformativo.com.mx\/index.php?rest_route=\/wp\/v2\/posts\/45858\/revisions"}],"predecessor-version":[{"id":45860,"href":"https:\/\/encuentroinformativo.com.mx\/index.php?rest_route=\/wp\/v2\/posts\/45858\/revisions\/45860"}],"wp:featuredmedia":[{"embeddable":true,"href":"https:\/\/encuentroinformativo.com.mx\/index.php?rest_route=\/wp\/v2\/media\/45859"}],"wp:attachment":[{"href":"https:\/\/encuentroinformativo.com.mx\/index.php?rest_route=%2Fwp%2Fv2%2Fmedia&parent=45858"}],"wp:term":[{"taxonomy":"category","embeddable":true,"href":"https:\/\/encuentroinformativo.com.mx\/index.php?rest_route=%2Fwp%2Fv2%2Fcategories&post=45858"},{"taxonomy":"post_tag","embeddable":true,"href":"https:\/\/encuentroinformativo.com.mx\/index.php?rest_route=%2Fwp%2Fv2%2Ftags&post=45858"}],"curies":[{"name":"wp","href":"https:\/\/api.w.org\/{rel}","templated":true}]}}