{"id":45875,"date":"2023-09-29T10:19:45","date_gmt":"2023-09-29T16:19:45","guid":{"rendered":"https:\/\/encuentroinformativo.com.mx\/?p=45875"},"modified":"2023-09-29T13:22:18","modified_gmt":"2023-09-29T19:22:18","slug":"para-promover-autocuidado-embajadores-pensando-en-rosa-visitaran-universidades-de-veracruz","status":"publish","type":"post","link":"https:\/\/encuentroinformativo.com.mx\/?p=45875","title":{"rendered":"Para promover autocuidado, embajadores Pensando en Rosa visitar\u00e1n universidades de Veracruz"},"content":{"rendered":"\n<p><strong>Alejandro \u00c1vila<\/strong><\/p>\n\n\n\n<p>Veracruz, Ver.- Un equipo de 50 j\u00f3venes, denominados Embajadores Pensando en Rosa, recorrer\u00e1n las universidades de la ciudad de Veracruz para r\u00e9plica del mensaje de la autoexploraci\u00f3n en las adolescentes, inform\u00f3 la alcaldesa, Patricia Lobeira Rodr\u00edguez.<\/p>\n\n\n\n<p>Este viernes la edil panista present\u00f3 las actividades que se llevar\u00e1n a cabo en el Ayuntamiento de Veracruz con motivo del Mes Rosa, todas ellas han sido avaladas y ser\u00e1n coordinadas en conjunto con las Asociaciones Civiles MUAC, MAM y Grupo Reto, adem\u00e1s de la Universidad Veracruzana y el Hospital Covadonga.<\/p>\n\n\n\n<p>&#8220;Son alrededor de 50 Embajadores los que van a estar a trav\u00e9s del DIF de Veracruz dando estas pl\u00e1ticas en diversas universidades de la ciudad, vamos a estar trabajando con chicas y chicos que est\u00e1n comprometidos con su ciudad, y que van a estar platicando sobre la concientizaci\u00f3n de este tema tan dif\u00edcil, que a cada a\u00f1o sigue en aumento que es el c\u00e1ncer de mama&#8221;, subray\u00f3.<\/p>\n\n\n\n<p>Paty Lobeira anunci\u00f3 que, el pr\u00f3ximo 2 de octubre ser\u00e1 el encendido en rosa del Palacio de Veracruz; el 5 de octubre a las 6 de la tarde se llevar\u00e1 a cabo la Macro Plaza del Malec\u00f3n &#8220;Entrena con Causa&#8221;, el donativo ser\u00e1 de 250 pesos y lo recaudado se entregar\u00e1 a la Fundaci\u00f3n MUAC; el 12 de octubre a las 6 de la tarde en el teatro &#8220;Francisco Javier Clavijero&#8221; se realizar\u00e1 la conferencia &#8220;Mi Traje de Jarocha&#8221;, el donativo es de 250 pesos; el 14 de octubre a las 7 de la noche en la Macroplaza del Malec\u00f3n se realizar\u00e1 &#8220;Zumba Rosa&#8221; en coordinaci\u00f3n con la Asociaci\u00f3n Civil Mujeres Apoyando Mujeres, el costo de la inscripci\u00f3n es de 300 pesos; el 19 de octubre se realizar\u00e1 en Mandalay Club una Fiesta Pink, el costo es de 150 pesos y lo recaudado se le entregar\u00e1 a la Fundaci\u00f3n Grupo Reto.<\/p>\n\n\n\n<p>&#8220;Adem\u00e1s, llevaremos a cabo la segunda edici\u00f3n de nuestra carrera &#8220;Veracruz Corre por Ellas&#8221;, que se llevar\u00e1 a cabo el s\u00e1bado 21 de octubre a las 6 de la tarde saliendo del Macroplaza, es una carrera familiar y Pet Friendly en dos categor\u00edas, de tres y cinco kil\u00f3metros. Todo lo recaudado ser\u00e1 donado a la Fundaci\u00f3n MUAC, a Mujeres Apoyando Mujeres y a Grupo Reto, los interesados podr\u00e1n inscribirse en las oficinas centrales del DIF Municipal y en el DIF de Negrete, cada descripci\u00f3n cuesta 250 pesos&#8221;, recalc\u00f3 la alcaldesa de Veracruz.<\/p>\n\n\n\n<p>El Ayuntamiento de Veracruz donar\u00e1 este mes 500 mastograf\u00edas para mujeres y 300 ant\u00edgenos prost\u00e1ticos para hombres.<\/p>\n","protected":false},"excerpt":{"rendered":"<p>Alejandro \u00c1vila Veracruz, Ver.- Un equipo de 50 j\u00f3venes, denominados Embajadores Pensando en Rosa, recorrer\u00e1n las universidades de la ciudad de Veracruz para r\u00e9plica del mensaje de la autoexploraci\u00f3n en las adolescentes, inform\u00f3 la alcaldesa, Patricia Lobeira Rodr\u00edguez. Este viernes la edil panista present\u00f3 las actividades que se llevar\u00e1n a cabo en el Ayuntamiento de [&hellip;]<\/p>\n","protected":false},"author":2476,"featured_media":45876,"comment_status":"open","ping_status":"open","sticky":false,"template":"","format":"standard","meta":{"_jetpack_memberships_contains_paid_content":false,"footnotes":""},"categories":[2],"tags":[],"class_list":["post-45875","post","type-post","status-publish","format-standard","has-post-thumbnail","hentry","category-estado"],"jetpack_featured_media_url":"https:\/\/encuentroinformativo.com.mx\/wp-content\/uploads\/2023\/09\/IMG-20230929-WA00342.jpg","jetpack_sharing_enabled":true,"jetpack_likes_enabled":true,"amp_enabled":true,"_links":{"self":[{"href":"https:\/\/encuentroinformativo.com.mx\/index.php?rest_route=\/wp\/v2\/posts\/45875","targetHints":{"allow":["GET"]}}],"collection":[{"href":"https:\/\/encuentroinformativo.com.mx\/index.php?rest_route=\/wp\/v2\/posts"}],"about":[{"href":"https:\/\/encuentroinformativo.com.mx\/index.php?rest_route=\/wp\/v2\/types\/post"}],"author":[{"embeddable":true,"href":"https:\/\/encuentroinformativo.com.mx\/index.php?rest_route=\/wp\/v2\/users\/2476"}],"replies":[{"embeddable":true,"href":"https:\/\/encuentroinformativo.com.mx\/index.php?rest_route=%2Fwp%2Fv2%2Fcomments&post=45875"}],"version-history":[{"count":1,"href":"https:\/\/encuentroinformativo.com.mx\/index.php?rest_route=\/wp\/v2\/posts\/45875\/revisions"}],"predecessor-version":[{"id":45877,"href":"https:\/\/encuentroinformativo.com.mx\/index.php?rest_route=\/wp\/v2\/posts\/45875\/revisions\/45877"}],"wp:featuredmedia":[{"embeddable":true,"href":"https:\/\/encuentroinformativo.com.mx\/index.php?rest_route=\/wp\/v2\/media\/45876"}],"wp:attachment":[{"href":"https:\/\/encuentroinformativo.com.mx\/index.php?rest_route=%2Fwp%2Fv2%2Fmedia&parent=45875"}],"wp:term":[{"taxonomy":"category","embeddable":true,"href":"https:\/\/encuentroinformativo.com.mx\/index.php?rest_route=%2Fwp%2Fv2%2Fcategories&post=45875"},{"taxonomy":"post_tag","embeddable":true,"href":"https:\/\/encuentroinformativo.com.mx\/index.php?rest_route=%2Fwp%2Fv2%2Ftags&post=45875"}],"curies":[{"name":"wp","href":"https:\/\/api.w.org\/{rel}","templated":true}]}}