{"id":45878,"date":"2023-09-29T13:29:48","date_gmt":"2023-09-29T19:29:48","guid":{"rendered":"https:\/\/encuentroinformativo.com.mx\/?p=45878"},"modified":"2023-09-29T13:29:51","modified_gmt":"2023-09-29T19:29:51","slug":"habra-senales-afirma-ivan-luna-sobre-buscar-cargo-de-eleccion-popular","status":"publish","type":"post","link":"https:\/\/encuentroinformativo.com.mx\/?p=45878","title":{"rendered":"&#8220;Habr\u00e1 se\u00f1ales&#8221;, afirma Iv\u00e1n Luna sobre buscar cargo de elecci\u00f3n popular"},"content":{"rendered":"\n<p><strong>Dar\u00edo Pale <\/strong><\/p>\n\n\n\n<p>Xalapa, Ver.- Minimiza los enfrentamientos del gobernador del Estado Cuitl\u00e1huac Garc\u00eda Jim\u00e9nez con reporteras, as\u00ed como los exhortos de asociaciones internacionales como Art\u00edculo 19 entre otras, as\u00ed lo se\u00f1al\u00f3 el Coordinador de Comunicaci\u00f3n Social, Iv\u00e1n Luna.<\/p>\n\n\n\n<p>En entrevista posterior a la guardia de honor al monumento de Don Miguel Hidalgo y Costilla, rechaz\u00f3 que sean enfrentamientos con la prensa sino un debate e intercambios de ideas.<\/p>\n\n\n\n<p>\u201cNo ha tenido ning\u00fan enfrentamiento, no son enfrentamientos, son intercambios de idea y el gobernador le pregunta y \u00e9l responde y la reportera pregunta. El gobernador ha sido muy respetuoso con todos, en las conferencias cuando van se arma el debate con todos y se arma el debate y sirve para que se expongan mejor las ideas\u201d, coment\u00f3.<\/p>\n\n\n\n<p>Se\u00f1al\u00f3 que ellos se apegan a lo que diga la Comisi\u00f3n Estatal de Atenci\u00f3n y Protecci\u00f3n a Periodistas (CEAPP), y admiti\u00f3 que algunos periodistas han acudido sin que pase a mayores e insisti\u00f3 que no hay enfrentamientos.<\/p>\n\n\n\n<p>\u201cArt\u00edculo 19 ah\u00ed el presidente lo ha externado de por qui\u00e9n es financiado ( \u2026) no hay enfrentamientos \u00a0eso es mentira, como les digo hay intercambio de ideas y los reporteros que van a las conferencias saben como es la din\u00e1mica, ellos tambi\u00e9n exponen sus ideas y sirve para aclarar muchos temas\u201d, dijo.<\/p>\n\n\n\n<p>El vocero del gobierno del estado, asegur\u00f3 que continuar\u00e1 la secci\u00f3n \u201cPinocho\u201d, pues con ello-dijo- han disminuido las notas falsas.<\/p>\n\n\n\n<p>\u201cS\u00ed, ha funcionado muy bien, cada vez se reducen m\u00e1s las mentiras de los medios principalmente algunos nacionales\u201d, inform\u00f3.<\/p>\n\n\n\n<p>Por otra parte, dijo que el presupuesto que se ejerce para los convenios y promoci\u00f3n de las acciones del ejecutivo del estado ser\u00e1 el mismo y no se solicitar\u00e1 incremento para el siguiente a\u00f1o.<\/p>\n\n\n\n<p>En el tema pol\u00edtico, dijo que no han renunciado hasta el momento ninguno de sus compa\u00f1eros para participar en el proceso electoral del 2024 y espera que cierren el a\u00f1o todos.<\/p>\n\n\n\n<p>As\u00ed mismo, en cuanto a los rumores de que \u00e9l podr\u00eda buscar una candidatura, dijo que a\u00fan no son los tiempos y ya se ver\u00e1 en su momento.<\/p>\n\n\n\n<p>Finalmente se\u00f1al\u00f3 que, \u201ctodav\u00eda ni sacan la convocatoria ni nada y adem\u00e1s pues a quien le tendr\u00eda que decir es primero al gobernador y el gobernador(&#8230;) no ya en su debido tiempo, no dir\u00e9 nada pero habr\u00e1 se\u00f1ales\u201d.<\/p>\n","protected":false},"excerpt":{"rendered":"<p>Dar\u00edo Pale Xalapa, Ver.- Minimiza los enfrentamientos del gobernador del Estado Cuitl\u00e1huac Garc\u00eda Jim\u00e9nez con reporteras, as\u00ed como los exhortos de asociaciones internacionales como Art\u00edculo 19 entre otras, as\u00ed lo se\u00f1al\u00f3 el Coordinador de Comunicaci\u00f3n Social, Iv\u00e1n Luna. En entrevista posterior a la guardia de honor al monumento de Don Miguel Hidalgo y Costilla, rechaz\u00f3 [&hellip;]<\/p>\n","protected":false},"author":2476,"featured_media":45879,"comment_status":"open","ping_status":"open","sticky":false,"template":"","format":"standard","meta":{"_jetpack_memberships_contains_paid_content":false,"footnotes":""},"categories":[2],"tags":[],"class_list":["post-45878","post","type-post","status-publish","format-standard","has-post-thumbnail","hentry","category-estado"],"jetpack_featured_media_url":"https:\/\/encuentroinformativo.com.mx\/wp-content\/uploads\/2023\/09\/IMG-20230929-WA0031.jpg","jetpack_sharing_enabled":true,"jetpack_likes_enabled":true,"amp_enabled":true,"_links":{"self":[{"href":"https:\/\/encuentroinformativo.com.mx\/index.php?rest_route=\/wp\/v2\/posts\/45878","targetHints":{"allow":["GET"]}}],"collection":[{"href":"https:\/\/encuentroinformativo.com.mx\/index.php?rest_route=\/wp\/v2\/posts"}],"about":[{"href":"https:\/\/encuentroinformativo.com.mx\/index.php?rest_route=\/wp\/v2\/types\/post"}],"author":[{"embeddable":true,"href":"https:\/\/encuentroinformativo.com.mx\/index.php?rest_route=\/wp\/v2\/users\/2476"}],"replies":[{"embeddable":true,"href":"https:\/\/encuentroinformativo.com.mx\/index.php?rest_route=%2Fwp%2Fv2%2Fcomments&post=45878"}],"version-history":[{"count":1,"href":"https:\/\/encuentroinformativo.com.mx\/index.php?rest_route=\/wp\/v2\/posts\/45878\/revisions"}],"predecessor-version":[{"id":45880,"href":"https:\/\/encuentroinformativo.com.mx\/index.php?rest_route=\/wp\/v2\/posts\/45878\/revisions\/45880"}],"wp:featuredmedia":[{"embeddable":true,"href":"https:\/\/encuentroinformativo.com.mx\/index.php?rest_route=\/wp\/v2\/media\/45879"}],"wp:attachment":[{"href":"https:\/\/encuentroinformativo.com.mx\/index.php?rest_route=%2Fwp%2Fv2%2Fmedia&parent=45878"}],"wp:term":[{"taxonomy":"category","embeddable":true,"href":"https:\/\/encuentroinformativo.com.mx\/index.php?rest_route=%2Fwp%2Fv2%2Fcategories&post=45878"},{"taxonomy":"post_tag","embeddable":true,"href":"https:\/\/encuentroinformativo.com.mx\/index.php?rest_route=%2Fwp%2Fv2%2Ftags&post=45878"}],"curies":[{"name":"wp","href":"https:\/\/api.w.org\/{rel}","templated":true}]}}