{"id":45887,"date":"2023-09-29T14:00:31","date_gmt":"2023-09-29T20:00:31","guid":{"rendered":"https:\/\/encuentroinformativo.com.mx\/?p=45887"},"modified":"2023-09-29T14:00:35","modified_gmt":"2023-09-29T20:00:35","slug":"por-modificacion-en-secciones-electorales-xalapenos-deberan-cambiar-credencial-del-ine","status":"publish","type":"post","link":"https:\/\/encuentroinformativo.com.mx\/?p=45887","title":{"rendered":"Por modificaci\u00f3n en secciones electorales, xalape\u00f1os deber\u00e1n cambiar credencial del INE"},"content":{"rendered":"\n<p><strong>Dar\u00edo Pale <\/strong><\/p>\n\n\n\n<p>Xalapa, Ver.- Tras el crecimiento poblacional que sufrieron algunas zonas de Xalapa, el Instituto Nacional Electoral (INE) realiz\u00f3 algunas modificaciones en un par de secciones electorales, as\u00ed lo dio a conocer el Vocal del Registro Federal de Electores del distrito 10 del INE, Jaime Maldonado Galindo.<\/p>\n\n\n\n<p>En conferencia de prensa se\u00f1al\u00f3 que, ante esos cambios, ser\u00e1 necesario que muchos electores acudan a solicitar una nueva credencial para votar, por lo que aquellas personas que en su INE tengan los n\u00fameros \u201c2070\u201d y \u201c2092\u201d en el apartado que define la secci\u00f3n.<\/p>\n\n\n\n<p>\u201cTenemos algunas secciones que sufrieron este re-seccionamiento, por lo que, si viven en zonas como Indeco \u00c1nimas, Monte Magno, Las \u00c1nimas, Monte Novo, Balcones de Xalapa, Puente de Triana, Las Palomas, Jardines de las \u00c1nimas, La Marquesa, Inmecaf\u00e9, Badillo, entre algunas otras, tendr\u00edan que cambiar su credencial para que ahora tengan la referencia precisa de la secci\u00f3n electoral\u201d, se\u00f1al\u00f3.<\/p>\n\n\n\n<p>Dio a conocer que son cerca de 6 mil credenciales que deber\u00e1n ser renovadas, las cuales apunt\u00f3 s\u00ed est\u00e1n actuales, pero el cambio es para que puedan acudir a votar a la casilla m\u00e1s cercana de su vivienda, de lo contrario, podr\u00eda tocarles una ubicaci\u00f3n m\u00e1s lejana.<\/p>\n\n\n\n<p>\u201cEst\u00e1n actuales, s\u00ed est\u00e1n en lista nominal, incluso en determinado momento nosotros vamos a establecer algunos mecanismos alternos para facilitarles su emisi\u00f3n del voto, no van a tener ning\u00fan problema, sin embargo, s\u00ed ser\u00eda lo correcto que hicieran el cambio, ya que as\u00ed los podr\u00edamos ubicar en una casilla mucho m\u00e1s cercana a su domicilio\u201d, coment\u00f3.<\/p>\n\n\n\n<p>Finalmente, agreg\u00f3 que a\u00fan hay tiempo para que se pueda hacer el cambio sin ning\u00fan problema; por lo que invit\u00f3 a la poblaci\u00f3n a no dejar pasar las fechas.<\/p>\n","protected":false},"excerpt":{"rendered":"<p>Dar\u00edo Pale Xalapa, Ver.- Tras el crecimiento poblacional que sufrieron algunas zonas de Xalapa, el Instituto Nacional Electoral (INE) realiz\u00f3 algunas modificaciones en un par de secciones electorales, as\u00ed lo dio a conocer el Vocal del Registro Federal de Electores del distrito 10 del INE, Jaime Maldonado Galindo. En conferencia de prensa se\u00f1al\u00f3 que, ante [&hellip;]<\/p>\n","protected":false},"author":2476,"featured_media":45888,"comment_status":"open","ping_status":"open","sticky":false,"template":"","format":"standard","meta":{"_jetpack_memberships_contains_paid_content":false,"footnotes":""},"categories":[3],"tags":[],"class_list":["post-45887","post","type-post","status-publish","format-standard","has-post-thumbnail","hentry","category-xalapa"],"jetpack_featured_media_url":"https:\/\/encuentroinformativo.com.mx\/wp-content\/uploads\/2023\/09\/IMG-20230929-WA00482.jpg","jetpack_sharing_enabled":true,"jetpack_likes_enabled":true,"amp_enabled":true,"_links":{"self":[{"href":"https:\/\/encuentroinformativo.com.mx\/index.php?rest_route=\/wp\/v2\/posts\/45887","targetHints":{"allow":["GET"]}}],"collection":[{"href":"https:\/\/encuentroinformativo.com.mx\/index.php?rest_route=\/wp\/v2\/posts"}],"about":[{"href":"https:\/\/encuentroinformativo.com.mx\/index.php?rest_route=\/wp\/v2\/types\/post"}],"author":[{"embeddable":true,"href":"https:\/\/encuentroinformativo.com.mx\/index.php?rest_route=\/wp\/v2\/users\/2476"}],"replies":[{"embeddable":true,"href":"https:\/\/encuentroinformativo.com.mx\/index.php?rest_route=%2Fwp%2Fv2%2Fcomments&post=45887"}],"version-history":[{"count":1,"href":"https:\/\/encuentroinformativo.com.mx\/index.php?rest_route=\/wp\/v2\/posts\/45887\/revisions"}],"predecessor-version":[{"id":45889,"href":"https:\/\/encuentroinformativo.com.mx\/index.php?rest_route=\/wp\/v2\/posts\/45887\/revisions\/45889"}],"wp:featuredmedia":[{"embeddable":true,"href":"https:\/\/encuentroinformativo.com.mx\/index.php?rest_route=\/wp\/v2\/media\/45888"}],"wp:attachment":[{"href":"https:\/\/encuentroinformativo.com.mx\/index.php?rest_route=%2Fwp%2Fv2%2Fmedia&parent=45887"}],"wp:term":[{"taxonomy":"category","embeddable":true,"href":"https:\/\/encuentroinformativo.com.mx\/index.php?rest_route=%2Fwp%2Fv2%2Fcategories&post=45887"},{"taxonomy":"post_tag","embeddable":true,"href":"https:\/\/encuentroinformativo.com.mx\/index.php?rest_route=%2Fwp%2Fv2%2Ftags&post=45887"}],"curies":[{"name":"wp","href":"https:\/\/api.w.org\/{rel}","templated":true}]}}