{"id":45893,"date":"2023-09-29T14:42:19","date_gmt":"2023-09-29T20:42:19","guid":{"rendered":"https:\/\/encuentroinformativo.com.mx\/?p=45893"},"modified":"2023-09-29T14:42:22","modified_gmt":"2023-09-29T20:42:22","slug":"urban-fest-donara-apoyos-a-ninos-con-cancer","status":"publish","type":"post","link":"https:\/\/encuentroinformativo.com.mx\/?p=45893","title":{"rendered":"Urban Fest donar\u00e1 apoyos a ni\u00f1os con c\u00e1ncer"},"content":{"rendered":"\n<p><strong>Alejandro \u00c1vila<\/strong><\/p>\n\n\n\n<p>Veracruz, Ver.- Este s\u00e1bado 30 de septiembre en el estacionamiento del parque Reino M\u00e1gico se lleva a cabo el &#8220;Urban Fest&#8221;, evento de talentos veracruzanos, emprendimiento y Food Trucks, que donar\u00e1 apoyos a los ni\u00f1os con c\u00e1ncer.<\/p>\n\n\n\n<p>Kimberley Castillo Pozos, presidenta de la Comisi\u00f3n de Emprendimiento del Ayuntamiento de Veracruz, mencion\u00f3 que en el evento estar\u00e1 presenta la Fundaci\u00f3n Once Once, misma que cumple sue\u00f1os a los ni\u00f1os con c\u00e1ncer, como ejemplo, los pueden llevar a conocer un artista o una ciudad, y tambi\u00e9n un d\u00eda de, donde los peque\u00f1os conocen lo que es ser, por un d\u00eda, polic\u00eda, bombero o reportero.<\/p>\n\n\n\n<p>&#8220;Tenemos una chica que est\u00e1 haciendo donaciones para los ni\u00f1os con c\u00e1ncer, todo lo que ella est\u00e9 recaudando se va a ir a la Fundaci\u00f3n. Tenemos emprendimientos de comida, bebida, artesan\u00edas, ropa para dama y caballero y vamos a estar de 3 a 9 pm (\u2026) se llama Shop Rocks la chica que est\u00e1 vendiendo, son ropas para dama, ropa de segunda mano todo lo que venda ella, el stand va a estar ubicado, va a ser uno de los primeros que va a estar, todo lo que ella venda lo va a donar, creo que dos emprendimientos m\u00e1s se van a sumar para hacer donaciones a los ni\u00f1os con c\u00e1ncer, la Fundaci\u00f3n va a estar presente y la chica va a estar presente&#8221;, destac\u00f3.<\/p>\n\n\n\n<p>Kim Castillo dijo que se tienen varios eventos a futuro, sobre todo las Ferias del Emprendimiento, donde se busca impulsar a los talentos musicales del municipio de Veracruz y Boca del R\u00edo.<\/p>\n\n\n\n<p>&#8220;Los buscamos, casi siempre somos los que los buscamos los talentos, ahorita van tres que se juntan, van a ser aproximadamente 10 a 11 talentos y de 15 a 22 emprendimientos&#8221;, subray\u00f3.<\/p>\n\n\n\n<p>En el evento de este s\u00e1bado se presentar\u00e1n Yair Nolasco, Bigg Dary y J Santi, La Northside, Mikha Huama: El Emo Bellako, Desface DK, Gabo 4:20, El Bellaky, Lopnez, El Suave, Eywanted!!, Dany Cruzba, El Satanas 229, Galo y Pasatiempo.<\/p>\n","protected":false},"excerpt":{"rendered":"<p>Alejandro \u00c1vila Veracruz, Ver.- Este s\u00e1bado 30 de septiembre en el estacionamiento del parque Reino M\u00e1gico se lleva a cabo el &#8220;Urban Fest&#8221;, evento de talentos veracruzanos, emprendimiento y Food Trucks, que donar\u00e1 apoyos a los ni\u00f1os con c\u00e1ncer. Kimberley Castillo Pozos, presidenta de la Comisi\u00f3n de Emprendimiento del Ayuntamiento de Veracruz, mencion\u00f3 que en [&hellip;]<\/p>\n","protected":false},"author":2476,"featured_media":45894,"comment_status":"open","ping_status":"open","sticky":false,"template":"","format":"standard","meta":{"_jetpack_memberships_contains_paid_content":false,"footnotes":""},"categories":[9],"tags":[],"class_list":["post-45893","post","type-post","status-publish","format-standard","has-post-thumbnail","hentry","category-salud"],"jetpack_featured_media_url":"https:\/\/encuentroinformativo.com.mx\/wp-content\/uploads\/2023\/09\/IMG-20230929-WA0050.jpg","jetpack_sharing_enabled":true,"jetpack_likes_enabled":true,"amp_enabled":true,"_links":{"self":[{"href":"https:\/\/encuentroinformativo.com.mx\/index.php?rest_route=\/wp\/v2\/posts\/45893","targetHints":{"allow":["GET"]}}],"collection":[{"href":"https:\/\/encuentroinformativo.com.mx\/index.php?rest_route=\/wp\/v2\/posts"}],"about":[{"href":"https:\/\/encuentroinformativo.com.mx\/index.php?rest_route=\/wp\/v2\/types\/post"}],"author":[{"embeddable":true,"href":"https:\/\/encuentroinformativo.com.mx\/index.php?rest_route=\/wp\/v2\/users\/2476"}],"replies":[{"embeddable":true,"href":"https:\/\/encuentroinformativo.com.mx\/index.php?rest_route=%2Fwp%2Fv2%2Fcomments&post=45893"}],"version-history":[{"count":1,"href":"https:\/\/encuentroinformativo.com.mx\/index.php?rest_route=\/wp\/v2\/posts\/45893\/revisions"}],"predecessor-version":[{"id":45895,"href":"https:\/\/encuentroinformativo.com.mx\/index.php?rest_route=\/wp\/v2\/posts\/45893\/revisions\/45895"}],"wp:featuredmedia":[{"embeddable":true,"href":"https:\/\/encuentroinformativo.com.mx\/index.php?rest_route=\/wp\/v2\/media\/45894"}],"wp:attachment":[{"href":"https:\/\/encuentroinformativo.com.mx\/index.php?rest_route=%2Fwp%2Fv2%2Fmedia&parent=45893"}],"wp:term":[{"taxonomy":"category","embeddable":true,"href":"https:\/\/encuentroinformativo.com.mx\/index.php?rest_route=%2Fwp%2Fv2%2Fcategories&post=45893"},{"taxonomy":"post_tag","embeddable":true,"href":"https:\/\/encuentroinformativo.com.mx\/index.php?rest_route=%2Fwp%2Fv2%2Ftags&post=45893"}],"curies":[{"name":"wp","href":"https:\/\/api.w.org\/{rel}","templated":true}]}}